{"id":2564,"date":"2015-10-02T21:09:20","date_gmt":"2015-10-02T21:09:20","guid":{"rendered":"http:\/\/www.ayuntamientodeharia.com\/haria\/?p=2564"},"modified":"2015-10-02T21:09:20","modified_gmt":"2015-10-02T21:09:20","slug":"el-taller-de-artesania-de-haria-reconocido-en-el-acto-institucional-del-dia-mundial-del-turismo","status":"publish","type":"post","link":"https:\/\/www.ayuntamientodeharia.com\/haria\/el-taller-de-artesania-de-haria-reconocido-en-el-acto-institucional-del-dia-mundial-del-turismo\/","title":{"rendered":"El Taller de Artesan\u00eda de Har\u00eda, reconocido en el acto institucional del D\u00eda Mundial del Turismo"},"content":{"rendered":"<p><a href=\"http:\/\/www.ayuntamientodeharia.com\/haria\/wp-content\/uploads\/2015\/10\/Taller-Artesania-Reconocimiento.jpg\"><img decoding=\"async\" class=\"alignleft size-medium wp-image-2529\" src=\"http:\/\/www.ayuntamientodeharia.com\/haria\/wp-content\/uploads\/2015\/10\/Taller-Artesania-Reconocimiento-300x165.jpg\" alt=\"Taller Artesania Reconocimiento\" width=\"300\" height=\"165\" srcset=\"https:\/\/www.ayuntamientodeharia.com\/haria\/wp-content\/uploads\/2015\/10\/Taller-Artesania-Reconocimiento-300x165.jpg 300w, https:\/\/www.ayuntamientodeharia.com\/haria\/wp-content\/uploads\/2015\/10\/Taller-Artesania-Reconocimiento-1024x565.jpg 1024w, https:\/\/www.ayuntamientodeharia.com\/haria\/wp-content\/uploads\/2015\/10\/Taller-Artesania-Reconocimiento.jpg 1783w\" sizes=\"(max-width: 300px) 100vw, 300px\" \/><\/a>El pasado viernes, 25 de septiembre, el municipio de Har\u00eda tuvo su cuota de protagonismo en el acto institucional con el que el Cabildo de Lanzarote celebra tradicionalmente el D\u00eda Mundial del Turismo. Y no solo por el hecho de que se celebrase en un lugar tan espectacular como los Jameos del Agua, obra de C\u00e9sar Manrique, sino tambi\u00e9n por la menci\u00f3n especial al Taller Municipal de Artesan\u00eda \u2018Reinaldo Dorta D\u00e9niz\u2019 en los Premios \u2018Isla de Lanzarote\u2019 y \u2018Distinguidos del Turismo 2015\u2019.<\/p>\n<p>&nbsp;<\/p>\n<p>El alcalde norte\u00f1o, Marciano Acu\u00f1a, junto al concejal de Artesan\u00eda, Jos\u00e9 P\u00e9rez Dorta, hizo entrega de dicho galard\u00f3n a Mario Franceschin, en representaci\u00f3n de las personas que componen el Taller Artesanal de Har\u00eda. En el acto, se destac\u00f3 su labor en defensa de la artesan\u00eda insular, alabando su condici\u00f3n de centro municipal con una vertiente tanto tradicional como contempor\u00e1nea, que ha sabido ganarse un nombre gracias a la labor de los profesionales que all\u00ed trabajan y comercializan sus productos.<\/p>\n<p><!--more--><\/p>\n<p>En el a\u00f1o 1991, el Ayuntamiento de Har\u00eda puso en marcha el Taller Municipal de Artesan\u00eda con el objetivo de recuperar, preservar y promocionar la artesan\u00eda tradicional del municipio. Para tal fin, se rehabilit\u00f3 y adapt\u00f3 una antigua casa tradicional en el pueblo de Har\u00eda, donde los artesanos no solamente cuentan con un taller para trabajar, sino tambi\u00e9n con una tienda donde vender sus productos.<\/p>\n<p>&nbsp;<\/p>\n<p>Las primeras personas que comenzaron a trabajar en el taller se dedicaron fundamentalmente a la artesan\u00eda tradicional: cer\u00e1mica, cester\u00eda, trabajos de palma, junco, bordados, rosetas, etc\u00e9tera. Con los a\u00f1os, se han ido incorporando nuevos artesanos que elaboran otro productos, como plater\u00eda, decoraci\u00f3n de telas, marroquiner\u00eda o pintura. En el interior de la vivienda se distribuyen talleres individuales, donde el visitante puede contemplar en directo el proceso creativo del producto gracias a la destreza y habilidad de cada artesano.<\/p>\n<p>&nbsp;<\/p>\n<p>En el Taller Municipal confluyen en perfecta sinton\u00eda la artesan\u00eda tradicional junto a la m\u00e1s moderna, dando como resultado productos novedosos e innovadores. Igualmente, se imparten de forma permanente cursos de manualidades y pintura y, de forma puntual, otro tipo de cursos relacionados con este sector. Dichas instalaciones se encuentran abiertas al p\u00fa- blico de lunes a s\u00e1bado, de 10:00 a 13:30 horas, y tambi\u00e9n de martes a viernes, de 16:00 a 19:00 horas.<\/p>\n<p>&nbsp;<\/p>\n<p>Conforman el taller los siguientes artesanos y oficios: Carmen Betancor (rosetas); N\u00e9lida Mart\u00edn (mu\u00f1equer\u00eda); Edelmira P\u00e9rez (mu\u00f1equer\u00eda); Josefa Dorta (bordados); Esther Romero (palma y junco); Mar\u00eda Dorta (junco); Manuela Niz (camiser\u00eda y encaje); \u00d3scar Gonz\u00e1lez y Rosa Adela Betancor (marroquiner\u00eda); Inmaculada Fern\u00e1ndez (tejedur\u00eda); Mario Franceschin (platero); Iciar \u00c1lvarez (pintura); Agust\u00edn Socas (marroquiner\u00eda); Aquilino Rodr\u00edguez (cer\u00e1mica); Mar\u00eda de los \u00c1ngeles Perdomo (macram\u00e9 y encaje); y Gemma Gonz\u00e1lez (decoraci\u00f3n de telas).<\/p>\n<p>&nbsp;<\/p>\n<p><a href=\"http:\/\/www.ayuntamientodeharia.com\/haria\/wp-content\/uploads\/2015\/10\/Taller-Artesania-Reconocimiento-1.jpg\"><img fetchpriority=\"high\" decoding=\"async\" class=\"alignleft size-medium wp-image-2527\" src=\"http:\/\/www.ayuntamientodeharia.com\/haria\/wp-content\/uploads\/2015\/10\/Taller-Artesania-Reconocimiento-1-300x200.jpg\" alt=\"Taller Artesania Reconocimiento 1\" width=\"300\" height=\"200\" srcset=\"https:\/\/www.ayuntamientodeharia.com\/haria\/wp-content\/uploads\/2015\/10\/Taller-Artesania-Reconocimiento-1-300x200.jpg 300w, https:\/\/www.ayuntamientodeharia.com\/haria\/wp-content\/uploads\/2015\/10\/Taller-Artesania-Reconocimiento-1.jpg 849w\" sizes=\"(max-width: 300px) 100vw, 300px\" \/><\/a> <a href=\"http:\/\/www.ayuntamientodeharia.com\/haria\/wp-content\/uploads\/2015\/10\/Taller-Artesania-Reconocimiento-2.jpg\"><img decoding=\"async\" class=\"alignleft size-medium wp-image-2528\" src=\"http:\/\/www.ayuntamientodeharia.com\/haria\/wp-content\/uploads\/2015\/10\/Taller-Artesania-Reconocimiento-2-300x197.jpg\" alt=\"Taller Artesania Reconocimiento 2\" width=\"300\" height=\"197\" srcset=\"https:\/\/www.ayuntamientodeharia.com\/haria\/wp-content\/uploads\/2015\/10\/Taller-Artesania-Reconocimiento-2-300x197.jpg 300w, https:\/\/www.ayuntamientodeharia.com\/haria\/wp-content\/uploads\/2015\/10\/Taller-Artesania-Reconocimiento-2.jpg 858w\" sizes=\"(max-width: 300px) 100vw, 300px\" \/><\/a><\/p>\n","protected":false},"excerpt":{"rendered":"<p>El pasado viernes, 25 de septiembre, el municipio de Har\u00eda tuvo su cuota de protagonismo en el acto institucional con el que el Cabildo de Lanzarote celebra tradicionalmente el D\u00eda Mundial del Turismo. Y no solo por el hecho de que se celebrase en un lugar tan espectacular como los Jameos del Agua, obra de [&hellip;]<\/p>\n","protected":false},"author":2,"featured_media":0,"comment_status":"closed","ping_status":"closed","sticky":false,"template":"","format":"standard","meta":{"footnotes":""},"categories":[66,11],"tags":[],"class_list":["post-2564","post","type-post","status-publish","format-standard","hentry","category-artesania","category-hoja-de-haria"],"_links":{"self":[{"href":"https:\/\/www.ayuntamientodeharia.com\/haria\/wp-json\/wp\/v2\/posts\/2564","targetHints":{"allow":["GET"]}}],"collection":[{"href":"https:\/\/www.ayuntamientodeharia.com\/haria\/wp-json\/wp\/v2\/posts"}],"about":[{"href":"https:\/\/www.ayuntamientodeharia.com\/haria\/wp-json\/wp\/v2\/types\/post"}],"author":[{"embeddable":true,"href":"https:\/\/www.ayuntamientodeharia.com\/haria\/wp-json\/wp\/v2\/users\/2"}],"replies":[{"embeddable":true,"href":"https:\/\/www.ayuntamientodeharia.com\/haria\/wp-json\/wp\/v2\/comments?post=2564"}],"version-history":[{"count":0,"href":"https:\/\/www.ayuntamientodeharia.com\/haria\/wp-json\/wp\/v2\/posts\/2564\/revisions"}],"wp:attachment":[{"href":"https:\/\/www.ayuntamientodeharia.com\/haria\/wp-json\/wp\/v2\/media?parent=2564"}],"wp:term":[{"taxonomy":"category","embeddable":true,"href":"https:\/\/www.ayuntamientodeharia.com\/haria\/wp-json\/wp\/v2\/categories?post=2564"},{"taxonomy":"post_tag","embeddable":true,"href":"https:\/\/www.ayuntamientodeharia.com\/haria\/wp-json\/wp\/v2\/tags?post=2564"}],"curies":[{"name":"wp","href":"https:\/\/api.w.org\/{rel}","templated":true}]}}