{"id":2560,"date":"2015-10-02T21:06:09","date_gmt":"2015-10-02T21:06:09","guid":{"rendered":"http:\/\/www.ayuntamientodeharia.com\/haria\/?p=2560"},"modified":"2015-10-02T21:06:09","modified_gmt":"2015-10-02T21:06:09","slug":"el-ayuntamiento-pone-en-marcha-las-actividades-de-pintura-manualidades-y-folclore","status":"publish","type":"post","link":"https:\/\/www.ayuntamientodeharia.com\/haria\/el-ayuntamiento-pone-en-marcha-las-actividades-de-pintura-manualidades-y-folclore\/","title":{"rendered":"El Ayuntamiento pone en marcha las actividades de pintura, manualidades y folclore"},"content":{"rendered":"<p>Las Concejal\u00edas de Cultura e Igualdad, coordinadas por Jos\u00e9 P\u00e9- rez Dorta y Mar\u00eda Auxiliadora Fern\u00e1ndez, respectivamente, ponen en marcha las actividades formativas de pintura, manualidades y folclore, que comenzar\u00e1n a impartirse en el municipio a partir del mes de octubre, con un coste de 10 euros mensuales cada una de ellas.<\/p>\n<p>&nbsp;<\/p>\n<p>Las personas interesadas en participar en alguno de los talleres deber\u00e1n ser mayores de 18 a\u00f1os, excepto las que se apunten en la Escuela Municipal de Folclore, que podr\u00e1n hacerlo a partir de los siete a\u00f1os, y realizar la inscripci\u00f3n correspondiente en el Departamento de Cultura, llamando al 928 835 009 y 928 835 300, de lunes a viernes, en horario de 08:00 a 14:00 horas.<\/p>\n<p>&nbsp;<\/p>\n<p><strong>Escuela Municipal de Folclore <\/strong><\/p>\n<p>Se impartir\u00e1n clases de guitarra, timple, la\u00fad y bandurria, tanto de nivel b\u00e1sico como avanzado, los lunes de 17:00 a 21:00 horas, y los jueves de 16:00 a 21:00 horas, en el Centro Sociocultural La Tegala de Har\u00eda, a partir del lunes, 5 de octubre.<\/p>\n<p><!--more--><\/p>\n<p><strong>Taller de Pintura <\/strong><\/p>\n<p>Se impartir\u00e1n clases los martes y jueves de 16:30 a 19:00 horas, en el Taller de Artesan\u00eda de Har\u00eda, a partir del jueves, 2 de octubre.<\/p>\n<p>&nbsp;<\/p>\n<p><strong>Taller de Manualidades<\/strong><\/p>\n<p>Se impartir\u00e1n clases los lunes, de 16:00 a 18:00 horas, en el Centro Sociocultural Calet\u00f3n de \u00d3rzola, de 18:30 a 20:30 horas, en el Taller de Artesan\u00eda de Har\u00eda, y los viernes, de 16:00 a 18:00 horas, en la Sociedad Renacimiento de Mala, a partir del lunes, 5 de octubre.<\/p>\n","protected":false},"excerpt":{"rendered":"<p>Las Concejal\u00edas de Cultura e Igualdad, coordinadas por Jos\u00e9 P\u00e9- rez Dorta y Mar\u00eda Auxiliadora Fern\u00e1ndez, respectivamente, ponen en marcha las actividades formativas de pintura, manualidades y folclore, que comenzar\u00e1n a impartirse en el municipio a partir del mes de octubre, con un coste de 10 euros mensuales cada una de ellas. &nbsp; Las personas [&hellip;]<\/p>\n","protected":false},"author":2,"featured_media":0,"comment_status":"closed","ping_status":"closed","sticky":false,"template":"","format":"standard","meta":{"footnotes":""},"categories":[16,19,11],"tags":[],"class_list":["post-2560","post","type-post","status-publish","format-standard","hentry","category-cultura","category-formacion","category-hoja-de-haria"],"_links":{"self":[{"href":"https:\/\/www.ayuntamientodeharia.com\/haria\/wp-json\/wp\/v2\/posts\/2560","targetHints":{"allow":["GET"]}}],"collection":[{"href":"https:\/\/www.ayuntamientodeharia.com\/haria\/wp-json\/wp\/v2\/posts"}],"about":[{"href":"https:\/\/www.ayuntamientodeharia.com\/haria\/wp-json\/wp\/v2\/types\/post"}],"author":[{"embeddable":true,"href":"https:\/\/www.ayuntamientodeharia.com\/haria\/wp-json\/wp\/v2\/users\/2"}],"replies":[{"embeddable":true,"href":"https:\/\/www.ayuntamientodeharia.com\/haria\/wp-json\/wp\/v2\/comments?post=2560"}],"version-history":[{"count":0,"href":"https:\/\/www.ayuntamientodeharia.com\/haria\/wp-json\/wp\/v2\/posts\/2560\/revisions"}],"wp:attachment":[{"href":"https:\/\/www.ayuntamientodeharia.com\/haria\/wp-json\/wp\/v2\/media?parent=2560"}],"wp:term":[{"taxonomy":"category","embeddable":true,"href":"https:\/\/www.ayuntamientodeharia.com\/haria\/wp-json\/wp\/v2\/categories?post=2560"},{"taxonomy":"post_tag","embeddable":true,"href":"https:\/\/www.ayuntamientodeharia.com\/haria\/wp-json\/wp\/v2\/tags?post=2560"}],"curies":[{"name":"wp","href":"https:\/\/api.w.org\/{rel}","templated":true}]}}