{"id":2558,"date":"2015-10-02T21:04:29","date_gmt":"2015-10-02T21:04:29","guid":{"rendered":"http:\/\/www.ayuntamientodeharia.com\/haria\/?p=2558"},"modified":"2015-10-02T21:04:29","modified_gmt":"2015-10-02T21:04:29","slug":"comienzan-las-clases-en-la-escuela-municipal-de-musica","status":"publish","type":"post","link":"https:\/\/www.ayuntamientodeharia.com\/haria\/comienzan-las-clases-en-la-escuela-municipal-de-musica\/","title":{"rendered":"Comienzan las clases en la Escuela Municipal de M\u00fasica"},"content":{"rendered":"<p>Desde la Concejal\u00eda de Juventud, coordinada por Ivens Hern\u00e1ndez, se comunica a los alumnos matriculados en la Escuela Municipal de M\u00fasica que las clases comenzar\u00e1n a impartirse el lunes, 5 de octubre, en el horario establecido por el centro. Las personas interesadas en obtener m\u00e1s informaci\u00f3n deber\u00e1n ponerse en contacto con el Departamento de Juventud, de lunes a viernes, de 8:00 a 14:00 horas.<\/p>\n","protected":false},"excerpt":{"rendered":"<p>Desde la Concejal\u00eda de Juventud, coordinada por Ivens Hern\u00e1ndez, se comunica a los alumnos matriculados en la Escuela Municipal de M\u00fasica que las clases comenzar\u00e1n a impartirse el lunes, 5 de octubre, en el horario establecido por el centro. Las personas interesadas en obtener m\u00e1s informaci\u00f3n deber\u00e1n ponerse en contacto con el Departamento de Juventud, [&hellip;]<\/p>\n","protected":false},"author":2,"featured_media":0,"comment_status":"closed","ping_status":"closed","sticky":false,"template":"","format":"standard","meta":{"footnotes":""},"categories":[32,19,11],"tags":[],"class_list":["post-2558","post","type-post","status-publish","format-standard","hentry","category-anuncios","category-formacion","category-hoja-de-haria"],"_links":{"self":[{"href":"https:\/\/www.ayuntamientodeharia.com\/haria\/wp-json\/wp\/v2\/posts\/2558","targetHints":{"allow":["GET"]}}],"collection":[{"href":"https:\/\/www.ayuntamientodeharia.com\/haria\/wp-json\/wp\/v2\/posts"}],"about":[{"href":"https:\/\/www.ayuntamientodeharia.com\/haria\/wp-json\/wp\/v2\/types\/post"}],"author":[{"embeddable":true,"href":"https:\/\/www.ayuntamientodeharia.com\/haria\/wp-json\/wp\/v2\/users\/2"}],"replies":[{"embeddable":true,"href":"https:\/\/www.ayuntamientodeharia.com\/haria\/wp-json\/wp\/v2\/comments?post=2558"}],"version-history":[{"count":0,"href":"https:\/\/www.ayuntamientodeharia.com\/haria\/wp-json\/wp\/v2\/posts\/2558\/revisions"}],"wp:attachment":[{"href":"https:\/\/www.ayuntamientodeharia.com\/haria\/wp-json\/wp\/v2\/media?parent=2558"}],"wp:term":[{"taxonomy":"category","embeddable":true,"href":"https:\/\/www.ayuntamientodeharia.com\/haria\/wp-json\/wp\/v2\/categories?post=2558"},{"taxonomy":"post_tag","embeddable":true,"href":"https:\/\/www.ayuntamientodeharia.com\/haria\/wp-json\/wp\/v2\/tags?post=2558"}],"curies":[{"name":"wp","href":"https:\/\/api.w.org\/{rel}","templated":true}]}}