{"id":2556,"date":"2015-10-02T21:03:41","date_gmt":"2015-10-02T21:03:41","guid":{"rendered":"http:\/\/www.ayuntamientodeharia.com\/haria\/?p=2556"},"modified":"2015-10-02T21:03:41","modified_gmt":"2015-10-02T21:03:41","slug":"matias-machin-cumplio-su-reto-yo-corro-por-ismael","status":"publish","type":"post","link":"https:\/\/www.ayuntamientodeharia.com\/haria\/matias-machin-cumplio-su-reto-yo-corro-por-ismael\/","title":{"rendered":"Mat\u00edas Mach\u00edn cumpli\u00f3 su reto \u2018Yo corro por Ismael\u2019"},"content":{"rendered":"<p><a href=\"http:\/\/www.ayuntamientodeharia.com\/haria\/wp-content\/uploads\/2015\/10\/Cochinilla-Trail-2.jpg\"><img decoding=\"async\" class=\"alignleft size-medium wp-image-2520\" src=\"http:\/\/www.ayuntamientodeharia.com\/haria\/wp-content\/uploads\/2015\/10\/Cochinilla-Trail-2-300x133.jpg\" alt=\"Cochinilla Trail 2\" width=\"300\" height=\"133\" srcset=\"https:\/\/www.ayuntamientodeharia.com\/haria\/wp-content\/uploads\/2015\/10\/Cochinilla-Trail-2-300x133.jpg 300w, https:\/\/www.ayuntamientodeharia.com\/haria\/wp-content\/uploads\/2015\/10\/Cochinilla-Trail-2.jpg 850w\" sizes=\"(max-width: 300px) 100vw, 300px\" \/><\/a>Mat\u00edas Mach\u00edn logr\u00f3 estar 12 horas ininterrumpidas corriendo con el fin de recaudar fondos a favor de Ismael en la carrera solidaria \u2018Cochinilla Trail\u2019, celebrada el pasado s\u00e1bado, 26 de septiembre, en la localidad de Mala.<\/p>\n<p>&nbsp;<\/p>\n<p>Desde las 5:00 hasta las 17:00 horas, Mat\u00edas Mach\u00edn estuvo acompa\u00f1ado por numerosos corredores que se fueron relevando para no dejarlo solo en su intento.<\/p>\n<p><!--more--><\/p>\n<p>En cuanto a la clasificaci\u00f3n general de la carrera de 10 kil\u00f3metros, en la que hubo 256 participantes, el primer puesto fue para Tanaus\u00fa Cabrera Albelo, con un tiempo de 00:39:27; el segundo para Rub\u00e9n Rodr\u00edguez Caraballo, con una marca de 00:40:26; y el tercero para V\u00edctor Guadalupe Guadalupe, que par\u00f3 el crono en 00:40:34. Se recogieron 4.000 kilos de alimentos y productos de limpieza que ir\u00e1n destinados al banco de alimentos de los municipios de Har\u00eda y Tinajo.<\/p>\n<p><a href=\"http:\/\/www.ayuntamientodeharia.com\/haria\/wp-content\/uploads\/2015\/10\/Cochinilla-Trail.jpg\"><img fetchpriority=\"high\" decoding=\"async\" class=\"alignleft size-medium wp-image-2521\" src=\"http:\/\/www.ayuntamientodeharia.com\/haria\/wp-content\/uploads\/2015\/10\/Cochinilla-Trail-300x216.jpg\" alt=\"Cochinilla Trail\" width=\"300\" height=\"216\" srcset=\"https:\/\/www.ayuntamientodeharia.com\/haria\/wp-content\/uploads\/2015\/10\/Cochinilla-Trail-300x216.jpg 300w, https:\/\/www.ayuntamientodeharia.com\/haria\/wp-content\/uploads\/2015\/10\/Cochinilla-Trail.jpg 850w\" sizes=\"(max-width: 300px) 100vw, 300px\" \/><\/a> <a href=\"http:\/\/www.ayuntamientodeharia.com\/haria\/wp-content\/uploads\/2015\/10\/Cochinilla-Trail-1.jpg\"><img decoding=\"async\" class=\"alignleft size-medium wp-image-2533\" src=\"http:\/\/www.ayuntamientodeharia.com\/haria\/wp-content\/uploads\/2015\/10\/Cochinilla-Trail-1-300x215.jpg\" alt=\"Cochinilla Trail 1\" width=\"300\" height=\"215\" srcset=\"https:\/\/www.ayuntamientodeharia.com\/haria\/wp-content\/uploads\/2015\/10\/Cochinilla-Trail-1-300x215.jpg 300w, https:\/\/www.ayuntamientodeharia.com\/haria\/wp-content\/uploads\/2015\/10\/Cochinilla-Trail-1.jpg 851w\" sizes=\"(max-width: 300px) 100vw, 300px\" \/><\/a><\/p>\n<p>&nbsp;<\/p>\n","protected":false},"excerpt":{"rendered":"<p>Mat\u00edas Mach\u00edn logr\u00f3 estar 12 horas ininterrumpidas corriendo con el fin de recaudar fondos a favor de Ismael en la carrera solidaria \u2018Cochinilla Trail\u2019, celebrada el pasado s\u00e1bado, 26 de septiembre, en la localidad de Mala. &nbsp; Desde las 5:00 hasta las 17:00 horas, Mat\u00edas Mach\u00edn estuvo acompa\u00f1ado por numerosos corredores que se fueron relevando [&hellip;]<\/p>\n","protected":false},"author":2,"featured_media":0,"comment_status":"closed","ping_status":"closed","sticky":false,"template":"","format":"standard","meta":{"footnotes":""},"categories":[17,15,11],"tags":[],"class_list":["post-2556","post","type-post","status-publish","format-standard","hentry","category-deportes","category-festejos","category-hoja-de-haria"],"_links":{"self":[{"href":"https:\/\/www.ayuntamientodeharia.com\/haria\/wp-json\/wp\/v2\/posts\/2556","targetHints":{"allow":["GET"]}}],"collection":[{"href":"https:\/\/www.ayuntamientodeharia.com\/haria\/wp-json\/wp\/v2\/posts"}],"about":[{"href":"https:\/\/www.ayuntamientodeharia.com\/haria\/wp-json\/wp\/v2\/types\/post"}],"author":[{"embeddable":true,"href":"https:\/\/www.ayuntamientodeharia.com\/haria\/wp-json\/wp\/v2\/users\/2"}],"replies":[{"embeddable":true,"href":"https:\/\/www.ayuntamientodeharia.com\/haria\/wp-json\/wp\/v2\/comments?post=2556"}],"version-history":[{"count":0,"href":"https:\/\/www.ayuntamientodeharia.com\/haria\/wp-json\/wp\/v2\/posts\/2556\/revisions"}],"wp:attachment":[{"href":"https:\/\/www.ayuntamientodeharia.com\/haria\/wp-json\/wp\/v2\/media?parent=2556"}],"wp:term":[{"taxonomy":"category","embeddable":true,"href":"https:\/\/www.ayuntamientodeharia.com\/haria\/wp-json\/wp\/v2\/categories?post=2556"},{"taxonomy":"post_tag","embeddable":true,"href":"https:\/\/www.ayuntamientodeharia.com\/haria\/wp-json\/wp\/v2\/tags?post=2556"}],"curies":[{"name":"wp","href":"https:\/\/api.w.org\/{rel}","templated":true}]}}