{"id":25481,"date":"2023-03-31T15:10:59","date_gmt":"2023-03-31T14:10:59","guid":{"rendered":"https:\/\/www.ayuntamientodeharia.com\/haria\/?p=25481"},"modified":"2023-03-31T15:10:59","modified_gmt":"2023-03-31T14:10:59","slug":"el-ayuntamiento-comunica-que-hasta-el-dia-4-de-abril-no-se-podra-estacionar-y-circular-en-la-calle-cueva-de-los-verdes","status":"publish","type":"post","link":"https:\/\/www.ayuntamientodeharia.com\/haria\/el-ayuntamiento-comunica-que-hasta-el-dia-4-de-abril-no-se-podra-estacionar-y-circular-en-la-calle-cueva-de-los-verdes\/","title":{"rendered":"El Ayuntamiento comunica que hasta el d\u00eda 4 de abril no se podr\u00e1 estacionar y circular en la calle Cueva de Los Verdes"},"content":{"rendered":"<p>El Ayuntamiento de Har\u00eda comunica que desde este mi\u00e9rcoles, 29 de marzo, y hasta el pr\u00f3ximo 4 de abril, no se podr\u00e1 estacionar y circular en la calle Cueva de Los Verdes.<\/p>\n<p>La v\u00eda estar\u00e1 cerrada al tr\u00e1fico a la altura entre las Casitas del Mar y la intersecci\u00f3n que se une a la LZ-1 a raz\u00f3n de la celebraci\u00f3n del I Har\u00eda Music Fest, que tendr\u00e1 lugar entre Arrieta y Punta Mujeres.<\/p>\n<p>Por otro lado, se anuncia la suspensi\u00f3n temporal de los niveles de la calidad ac\u00fastica por ruidos desde las 16:00 horas del s\u00e1bado, 1 de abril, hasta las 04:00 horas del domingo.<\/p>\n","protected":false},"excerpt":{"rendered":"<p>El Ayuntamiento de Har\u00eda comunica que desde este mi\u00e9rcoles, 29 de marzo, y hasta el pr\u00f3ximo 4 de abril, no se podr\u00e1 estacionar y circular en la calle Cueva de Los Verdes. La v\u00eda estar\u00e1 cerrada al tr\u00e1fico a la altura entre las Casitas del Mar y la intersecci\u00f3n que se une a la LZ-1 [&hellip;]<\/p>\n","protected":false},"author":13,"featured_media":0,"comment_status":"closed","ping_status":"closed","sticky":false,"template":"","format":"standard","meta":{"footnotes":""},"categories":[32,11],"tags":[],"class_list":["post-25481","post","type-post","status-publish","format-standard","hentry","category-anuncios","category-hoja-de-haria"],"_links":{"self":[{"href":"https:\/\/www.ayuntamientodeharia.com\/haria\/wp-json\/wp\/v2\/posts\/25481","targetHints":{"allow":["GET"]}}],"collection":[{"href":"https:\/\/www.ayuntamientodeharia.com\/haria\/wp-json\/wp\/v2\/posts"}],"about":[{"href":"https:\/\/www.ayuntamientodeharia.com\/haria\/wp-json\/wp\/v2\/types\/post"}],"author":[{"embeddable":true,"href":"https:\/\/www.ayuntamientodeharia.com\/haria\/wp-json\/wp\/v2\/users\/13"}],"replies":[{"embeddable":true,"href":"https:\/\/www.ayuntamientodeharia.com\/haria\/wp-json\/wp\/v2\/comments?post=25481"}],"version-history":[{"count":1,"href":"https:\/\/www.ayuntamientodeharia.com\/haria\/wp-json\/wp\/v2\/posts\/25481\/revisions"}],"predecessor-version":[{"id":25482,"href":"https:\/\/www.ayuntamientodeharia.com\/haria\/wp-json\/wp\/v2\/posts\/25481\/revisions\/25482"}],"wp:attachment":[{"href":"https:\/\/www.ayuntamientodeharia.com\/haria\/wp-json\/wp\/v2\/media?parent=25481"}],"wp:term":[{"taxonomy":"category","embeddable":true,"href":"https:\/\/www.ayuntamientodeharia.com\/haria\/wp-json\/wp\/v2\/categories?post=25481"},{"taxonomy":"post_tag","embeddable":true,"href":"https:\/\/www.ayuntamientodeharia.com\/haria\/wp-json\/wp\/v2\/tags?post=25481"}],"curies":[{"name":"wp","href":"https:\/\/api.w.org\/{rel}","templated":true}]}}