{"id":25466,"date":"2023-03-31T15:05:51","date_gmt":"2023-03-31T14:05:51","guid":{"rendered":"https:\/\/www.ayuntamientodeharia.com\/haria\/?p=25466"},"modified":"2023-03-31T15:05:51","modified_gmt":"2023-03-31T14:05:51","slug":"los-jameos-del-agua-acogen-la-celebracion-de-los-i-premios-de-arquitectura-de-lanzarote","status":"publish","type":"post","link":"https:\/\/www.ayuntamientodeharia.com\/haria\/los-jameos-del-agua-acogen-la-celebracion-de-los-i-premios-de-arquitectura-de-lanzarote\/","title":{"rendered":"Los Jameos del Agua acogen la celebraci\u00f3n de los I Premios de Arquitectura de Lanzarote"},"content":{"rendered":"<p>El\u00a0Auditorio Jameos del Agua del municipio de Har\u00eda\u00a0acogi\u00f3 la pasada semana la celebraci\u00f3n de los I Premios de Arquitectura Lanzarote y de los I Premios de Rehabilitaci\u00f3n de Arquitectura de Lanzarote.<\/p>\n<p>Estos galardones han sido creados por el Colegio Oficial de Arquitectos de Lanzarote, con la colaboraci\u00f3n del Cabildo de Lanzarote, los Centros Arte Cultura y Turismo y Turismo Lanzarote, con el fin de promocionar ante la sociedad la arquitectura y el urbanismo de calidad, el compromiso de esta disciplina como referente cultural, ambiental y art\u00edstico, as\u00ed como el\u00a0refuerzo del car\u00e1cter cultural y social de la arquitectura\u00a0en su condici\u00f3n de\u00a0bien de inter\u00e9s general.<\/p>\n<p>En la categor\u00eda de Nueva Obra Residencial, el primer premio recay\u00f3 en la \u2018Casa en Mala\u2019, de Federico Zorrilla Abascal, situada en el municipio norte\u00f1o.<\/p>\n<p>El primer premio en la categor\u00eda Rehabilitaci\u00f3n fue entregado a Jos\u00e9 Adri\u00e1n Bonilla Gonz\u00e1lez por la obra \u2018Consolidaci\u00f3n y Restauraci\u00f3n de vivienda antigua en M\u00e1guez\u2019.<\/p>\n<p>Asimismo, el segundo premio en la categor\u00eda de Rehabilitaci\u00f3n fue obtenido por el Hotel Emblem\u00e1tico \u2018Casa de los Naranjos\u2019, realizado por Jes\u00fas \u00c1ngel Izquierdo G\u00f3mez. Esta ha sido destacada como una de las reformas m\u00e1s destacadas de la Isla, restaurando un hist\u00f3rico inmueble sin perder la esencia y el valor arquitect\u00f3nico y patrimonial que posee.<\/p>\n<p>En la categor\u00eda Formaci\u00f3n Acad\u00e9mica, dirigida a estudiantes, el primer premio fue para el \u201cProyecto Urban\u00edstico en el n\u00facleo de Har\u00eda IS_LAB, el corte litoral\u201d, de\u00a0 los autores Alejandro J. Gonz\u00e1lez Arencibia, Alba Ram\u00edrez Domec y Silvia Cabrera Hern\u00e1ndez.<\/p>\n<p>La alcaldesa de Har\u00eda, Evelia Garc\u00eda, traslad\u00f3 su enhorabuena a los galardonados por este reconocimiento y por seguir trabajando en beneficio de la conservaci\u00f3n de la historia de Har\u00eda, de la cultura y del patrimonio norte\u00f1o.<\/p>\n","protected":false},"excerpt":{"rendered":"<p>El\u00a0Auditorio Jameos del Agua del municipio de Har\u00eda\u00a0acogi\u00f3 la pasada semana la celebraci\u00f3n de los I Premios de Arquitectura Lanzarote y de los I Premios de Rehabilitaci\u00f3n de Arquitectura de Lanzarote. Estos galardones han sido creados por el Colegio Oficial de Arquitectos de Lanzarote, con la colaboraci\u00f3n del Cabildo de Lanzarote, los Centros Arte Cultura [&hellip;]<\/p>\n","protected":false},"author":13,"featured_media":25467,"comment_status":"closed","ping_status":"closed","sticky":false,"template":"","format":"standard","meta":{"footnotes":""},"categories":[11],"tags":[],"class_list":["post-25466","post","type-post","status-publish","format-standard","has-post-thumbnail","hentry","category-hoja-de-haria"],"_links":{"self":[{"href":"https:\/\/www.ayuntamientodeharia.com\/haria\/wp-json\/wp\/v2\/posts\/25466","targetHints":{"allow":["GET"]}}],"collection":[{"href":"https:\/\/www.ayuntamientodeharia.com\/haria\/wp-json\/wp\/v2\/posts"}],"about":[{"href":"https:\/\/www.ayuntamientodeharia.com\/haria\/wp-json\/wp\/v2\/types\/post"}],"author":[{"embeddable":true,"href":"https:\/\/www.ayuntamientodeharia.com\/haria\/wp-json\/wp\/v2\/users\/13"}],"replies":[{"embeddable":true,"href":"https:\/\/www.ayuntamientodeharia.com\/haria\/wp-json\/wp\/v2\/comments?post=25466"}],"version-history":[{"count":1,"href":"https:\/\/www.ayuntamientodeharia.com\/haria\/wp-json\/wp\/v2\/posts\/25466\/revisions"}],"predecessor-version":[{"id":25468,"href":"https:\/\/www.ayuntamientodeharia.com\/haria\/wp-json\/wp\/v2\/posts\/25466\/revisions\/25468"}],"wp:featuredmedia":[{"embeddable":true,"href":"https:\/\/www.ayuntamientodeharia.com\/haria\/wp-json\/wp\/v2\/media\/25467"}],"wp:attachment":[{"href":"https:\/\/www.ayuntamientodeharia.com\/haria\/wp-json\/wp\/v2\/media?parent=25466"}],"wp:term":[{"taxonomy":"category","embeddable":true,"href":"https:\/\/www.ayuntamientodeharia.com\/haria\/wp-json\/wp\/v2\/categories?post=25466"},{"taxonomy":"post_tag","embeddable":true,"href":"https:\/\/www.ayuntamientodeharia.com\/haria\/wp-json\/wp\/v2\/tags?post=25466"}],"curies":[{"name":"wp","href":"https:\/\/api.w.org\/{rel}","templated":true}]}}