{"id":25464,"date":"2023-03-31T15:05:05","date_gmt":"2023-03-31T14:05:05","guid":{"rendered":"https:\/\/www.ayuntamientodeharia.com\/haria\/?p=25464"},"modified":"2023-03-31T15:05:05","modified_gmt":"2023-03-31T14:05:05","slug":"el-ayuntamiento-informa-de-los-cambios-de-horario-de-las-dependencias-municipales-en-semana-santa","status":"publish","type":"post","link":"https:\/\/www.ayuntamientodeharia.com\/haria\/el-ayuntamiento-informa-de-los-cambios-de-horario-de-las-dependencias-municipales-en-semana-santa\/","title":{"rendered":"El Ayuntamiento informa de los cambios de horario de las dependencias municipales en Semana Santa"},"content":{"rendered":"<p>El Ayuntamiento de Har\u00eda comunica que, debido a las festividades de la Semana Santa, durante los d\u00edas 3, 4 y 5 de abril, las oficinas municipales tendr\u00e1n un horario de 8:00 a 14:00 horas, mientras que el Parque M\u00f3vil tendr\u00e1 un horario de 7:00 a 13:00 horas.<\/p>\n<p>Rogamos disculpen las molestias ocasionadas.<\/p>\n","protected":false},"excerpt":{"rendered":"<p>El Ayuntamiento de Har\u00eda comunica que, debido a las festividades de la Semana Santa, durante los d\u00edas 3, 4 y 5 de abril, las oficinas municipales tendr\u00e1n un horario de 8:00 a 14:00 horas, mientras que el Parque M\u00f3vil tendr\u00e1 un horario de 7:00 a 13:00 horas. Rogamos disculpen las molestias ocasionadas.<\/p>\n","protected":false},"author":13,"featured_media":25329,"comment_status":"closed","ping_status":"closed","sticky":false,"template":"","format":"standard","meta":{"footnotes":""},"categories":[32,11],"tags":[],"class_list":["post-25464","post","type-post","status-publish","format-standard","has-post-thumbnail","hentry","category-anuncios","category-hoja-de-haria"],"_links":{"self":[{"href":"https:\/\/www.ayuntamientodeharia.com\/haria\/wp-json\/wp\/v2\/posts\/25464","targetHints":{"allow":["GET"]}}],"collection":[{"href":"https:\/\/www.ayuntamientodeharia.com\/haria\/wp-json\/wp\/v2\/posts"}],"about":[{"href":"https:\/\/www.ayuntamientodeharia.com\/haria\/wp-json\/wp\/v2\/types\/post"}],"author":[{"embeddable":true,"href":"https:\/\/www.ayuntamientodeharia.com\/haria\/wp-json\/wp\/v2\/users\/13"}],"replies":[{"embeddable":true,"href":"https:\/\/www.ayuntamientodeharia.com\/haria\/wp-json\/wp\/v2\/comments?post=25464"}],"version-history":[{"count":1,"href":"https:\/\/www.ayuntamientodeharia.com\/haria\/wp-json\/wp\/v2\/posts\/25464\/revisions"}],"predecessor-version":[{"id":25465,"href":"https:\/\/www.ayuntamientodeharia.com\/haria\/wp-json\/wp\/v2\/posts\/25464\/revisions\/25465"}],"wp:featuredmedia":[{"embeddable":true,"href":"https:\/\/www.ayuntamientodeharia.com\/haria\/wp-json\/wp\/v2\/media\/25329"}],"wp:attachment":[{"href":"https:\/\/www.ayuntamientodeharia.com\/haria\/wp-json\/wp\/v2\/media?parent=25464"}],"wp:term":[{"taxonomy":"category","embeddable":true,"href":"https:\/\/www.ayuntamientodeharia.com\/haria\/wp-json\/wp\/v2\/categories?post=25464"},{"taxonomy":"post_tag","embeddable":true,"href":"https:\/\/www.ayuntamientodeharia.com\/haria\/wp-json\/wp\/v2\/tags?post=25464"}],"curies":[{"name":"wp","href":"https:\/\/api.w.org\/{rel}","templated":true}]}}