{"id":25439,"date":"2023-03-24T15:31:31","date_gmt":"2023-03-24T15:31:31","guid":{"rendered":"https:\/\/www.ayuntamientodeharia.com\/haria\/?p=25439"},"modified":"2023-03-24T15:31:31","modified_gmt":"2023-03-24T15:31:31","slug":"haria-continua-promoviendo-la-lectura-y-cultura-con-el-4o-revuelto-de-arte-y-libros-librarte","status":"publish","type":"post","link":"https:\/\/www.ayuntamientodeharia.com\/haria\/haria-continua-promoviendo-la-lectura-y-cultura-con-el-4o-revuelto-de-arte-y-libros-librarte\/","title":{"rendered":"Har\u00eda contin\u00faa promoviendo la lectura y cultura con el \u20184\u00ba Revuelto de Arte y Libros Librarte\u2019"},"content":{"rendered":"<p>El Ayuntamiento de Har\u00eda promueve la lectura y cultura del municipio con la celebraci\u00f3n del cuarto \u2018Revuelto de Arte y Libros Librarte\u2019. El proyecto \u2018Librarte\u2019 se desarrollar\u00e1 del 27 de marzo al 2 de abril y contar\u00e1 con unas 20 actividades e iniciativas enfocadas en dar a conocer espacios culturales y fomentar la lectura en Har\u00eda.<\/p>\n<p>La alcaldesa de Har\u00eda, Evelia Garc\u00eda, destac\u00f3 que \u2018Librarte\u2019 busca sensibilizar, dar a conocer, dinamizar espacios culturales y promocionar el h\u00e1bito de la lectura en un proyecto que se est\u00e1 consolidando y que esperamos seguir celebrando con el \u00e9xito que le precede y la gran acogida por parte de la poblaci\u00f3n.<\/p>\n<p>La Sala El Aljibe de Har\u00eda, la Biblioteca Municipal y la sala teatro La Tegala ser\u00e1n los escenarios en los que los vecinos y vecinas podr\u00e1n \u201cdegustar este revuelto de Arte y Libros\u201d.<\/p>\n<p>El programa de \u2018Librarte\u2019 estar\u00e1 compuesto por festivales de teatro, exposiciones, talleres, narraciones orales, presentaciones de libros, e incluso espect\u00e1culos de magia. Consulte la programaci\u00f3n completa en la p\u00e1gina web de Cultura de Har\u00eda, https:\/\/culturedharia.com\/librarte\/.<\/p>\n","protected":false},"excerpt":{"rendered":"<p>El Ayuntamiento de Har\u00eda promueve la lectura y cultura del municipio con la celebraci\u00f3n del cuarto \u2018Revuelto de Arte y Libros Librarte\u2019. El proyecto \u2018Librarte\u2019 se desarrollar\u00e1 del 27 de marzo al 2 de abril y contar\u00e1 con unas 20 actividades e iniciativas enfocadas en dar a conocer espacios culturales y fomentar la lectura en [&hellip;]<\/p>\n","protected":false},"author":13,"featured_media":25440,"comment_status":"closed","ping_status":"closed","sticky":false,"template":"","format":"standard","meta":{"footnotes":""},"categories":[73,32,16,425,11],"tags":[],"class_list":["post-25439","post","type-post","status-publish","format-standard","has-post-thumbnail","hentry","category-alcaldia","category-anuncios","category-cultura","category-destacado","category-hoja-de-haria"],"_links":{"self":[{"href":"https:\/\/www.ayuntamientodeharia.com\/haria\/wp-json\/wp\/v2\/posts\/25439","targetHints":{"allow":["GET"]}}],"collection":[{"href":"https:\/\/www.ayuntamientodeharia.com\/haria\/wp-json\/wp\/v2\/posts"}],"about":[{"href":"https:\/\/www.ayuntamientodeharia.com\/haria\/wp-json\/wp\/v2\/types\/post"}],"author":[{"embeddable":true,"href":"https:\/\/www.ayuntamientodeharia.com\/haria\/wp-json\/wp\/v2\/users\/13"}],"replies":[{"embeddable":true,"href":"https:\/\/www.ayuntamientodeharia.com\/haria\/wp-json\/wp\/v2\/comments?post=25439"}],"version-history":[{"count":1,"href":"https:\/\/www.ayuntamientodeharia.com\/haria\/wp-json\/wp\/v2\/posts\/25439\/revisions"}],"predecessor-version":[{"id":25441,"href":"https:\/\/www.ayuntamientodeharia.com\/haria\/wp-json\/wp\/v2\/posts\/25439\/revisions\/25441"}],"wp:featuredmedia":[{"embeddable":true,"href":"https:\/\/www.ayuntamientodeharia.com\/haria\/wp-json\/wp\/v2\/media\/25440"}],"wp:attachment":[{"href":"https:\/\/www.ayuntamientodeharia.com\/haria\/wp-json\/wp\/v2\/media?parent=25439"}],"wp:term":[{"taxonomy":"category","embeddable":true,"href":"https:\/\/www.ayuntamientodeharia.com\/haria\/wp-json\/wp\/v2\/categories?post=25439"},{"taxonomy":"post_tag","embeddable":true,"href":"https:\/\/www.ayuntamientodeharia.com\/haria\/wp-json\/wp\/v2\/tags?post=25439"}],"curies":[{"name":"wp","href":"https:\/\/api.w.org\/{rel}","templated":true}]}}