{"id":25436,"date":"2023-03-24T15:30:41","date_gmt":"2023-03-24T15:30:41","guid":{"rendered":"https:\/\/www.ayuntamientodeharia.com\/haria\/?p=25436"},"modified":"2023-03-24T15:30:41","modified_gmt":"2023-03-24T15:30:41","slug":"vuelve-la-escuela-de-circo-de-haria","status":"publish","type":"post","link":"https:\/\/www.ayuntamientodeharia.com\/haria\/vuelve-la-escuela-de-circo-de-haria\/","title":{"rendered":"Vuelve la Escuela de Circo de Har\u00eda"},"content":{"rendered":"<p>El Ayuntamiento de Har\u00eda comunica que a partir de este s\u00e1bado, 25 de marzo, vuelve un nuevo curso de la Escuela de Circo del municipio. Un a\u00f1o m\u00e1s, esta iniciativa promovida desde el \u00e1rea de Juventud busca atraer a la poblaci\u00f3n hacia las disciplinas del circo, con una formaci\u00f3n dedicada a toda las personas a partir de los seis a\u00f1os.<\/p>\n<p>Las clases ser\u00e1n impartidas cada s\u00e1bado, de 11:00 a 13:00 horas, en el Centro Sociocultural \u2018La Garita\u2019 de Arrieta.<\/p>\n<p>Durante cada sesi\u00f3n el alumnado trabajar\u00e1n la preparaci\u00f3n a la actividad con un calentamiento inicial, trabajo espec\u00edfico del d\u00eda (malabares, trapecio, aro a\u00e9reo, telas, equilibrios, m\u00e1stil chino,\u2026) y finalizando con la vuelta a la calma trabajando la relajaci\u00f3n y los estiramientos.<\/p>\n<p>Las plazas son limitadas y las inscripciones se pueden llevar a cabo tanto a trav\u00e9s de la web del Ayuntamiento, en el enlace https:\/\/www.ayuntamientodeharia.com\/haria\/inscripcion-escuela-de-circo-haria-2023\/, como en la web de juventudharia.es.<\/p>\n","protected":false},"excerpt":{"rendered":"<p>El Ayuntamiento de Har\u00eda comunica que a partir de este s\u00e1bado, 25 de marzo, vuelve un nuevo curso de la Escuela de Circo del municipio. Un a\u00f1o m\u00e1s, esta iniciativa promovida desde el \u00e1rea de Juventud busca atraer a la poblaci\u00f3n hacia las disciplinas del circo, con una formaci\u00f3n dedicada a toda las personas a [&hellip;]<\/p>\n","protected":false},"author":13,"featured_media":25437,"comment_status":"closed","ping_status":"closed","sticky":false,"template":"","format":"standard","meta":{"footnotes":""},"categories":[32,425,11,25],"tags":[],"class_list":["post-25436","post","type-post","status-publish","format-standard","has-post-thumbnail","hentry","category-anuncios","category-destacado","category-hoja-de-haria","category-juventud"],"_links":{"self":[{"href":"https:\/\/www.ayuntamientodeharia.com\/haria\/wp-json\/wp\/v2\/posts\/25436","targetHints":{"allow":["GET"]}}],"collection":[{"href":"https:\/\/www.ayuntamientodeharia.com\/haria\/wp-json\/wp\/v2\/posts"}],"about":[{"href":"https:\/\/www.ayuntamientodeharia.com\/haria\/wp-json\/wp\/v2\/types\/post"}],"author":[{"embeddable":true,"href":"https:\/\/www.ayuntamientodeharia.com\/haria\/wp-json\/wp\/v2\/users\/13"}],"replies":[{"embeddable":true,"href":"https:\/\/www.ayuntamientodeharia.com\/haria\/wp-json\/wp\/v2\/comments?post=25436"}],"version-history":[{"count":1,"href":"https:\/\/www.ayuntamientodeharia.com\/haria\/wp-json\/wp\/v2\/posts\/25436\/revisions"}],"predecessor-version":[{"id":25438,"href":"https:\/\/www.ayuntamientodeharia.com\/haria\/wp-json\/wp\/v2\/posts\/25436\/revisions\/25438"}],"wp:featuredmedia":[{"embeddable":true,"href":"https:\/\/www.ayuntamientodeharia.com\/haria\/wp-json\/wp\/v2\/media\/25437"}],"wp:attachment":[{"href":"https:\/\/www.ayuntamientodeharia.com\/haria\/wp-json\/wp\/v2\/media?parent=25436"}],"wp:term":[{"taxonomy":"category","embeddable":true,"href":"https:\/\/www.ayuntamientodeharia.com\/haria\/wp-json\/wp\/v2\/categories?post=25436"},{"taxonomy":"post_tag","embeddable":true,"href":"https:\/\/www.ayuntamientodeharia.com\/haria\/wp-json\/wp\/v2\/tags?post=25436"}],"curies":[{"name":"wp","href":"https:\/\/api.w.org\/{rel}","templated":true}]}}