{"id":25433,"date":"2023-03-24T15:29:26","date_gmt":"2023-03-24T15:29:26","guid":{"rendered":"https:\/\/www.ayuntamientodeharia.com\/haria\/?p=25433"},"modified":"2023-03-24T15:29:26","modified_gmt":"2023-03-24T15:29:26","slug":"artistas-de-diversas-disciplinas-se-dan-cita-en-haria-en-el-encuentro-lanzarote-es-arte","status":"publish","type":"post","link":"https:\/\/www.ayuntamientodeharia.com\/haria\/artistas-de-diversas-disciplinas-se-dan-cita-en-haria-en-el-encuentro-lanzarote-es-arte\/","title":{"rendered":"Artistas de diversas disciplinas se dan cita en Har\u00eda en el encuentro \u2018Lanzarote es arte\u2019"},"content":{"rendered":"<p>El municipio de Har\u00eda se convertir\u00e1 este s\u00e1bado en el hogar de la cultura de la Isla con la celebraci\u00f3n del encuentro \u2018Lanzarote es arte\u2019.<\/p>\n<p>Numerosos artistas, cantantes, m\u00fasicos, bailarines, miembros de circos, pintores, actores o magos, entre otros, se dar\u00e1n cita en el Centro Sociocultural \u2018La Tegala\u2019 este 25 de marzo, a partir de las 20:00 horas.<\/p>\n<p>\u00c1ngela Luque, Christian Morales, Iv\u00e1n T., Marius John, Atenea, Escuela de Danza \u2018Daniel de la Rosa\u2019, Fabio Scalvini o Daniel Hudson ser\u00e1n algunos de los protagonistas de la velada que se celebrar\u00e1 en el marco de las Fiestas de Nuestra Se\u00f1ora de la Encarnaci\u00f3n.<\/p>\n","protected":false},"excerpt":{"rendered":"<p>El municipio de Har\u00eda se convertir\u00e1 este s\u00e1bado en el hogar de la cultura de la Isla con la celebraci\u00f3n del encuentro \u2018Lanzarote es arte\u2019. Numerosos artistas, cantantes, m\u00fasicos, bailarines, miembros de circos, pintores, actores o magos, entre otros, se dar\u00e1n cita en el Centro Sociocultural \u2018La Tegala\u2019 este 25 de marzo, a partir de [&hellip;]<\/p>\n","protected":false},"author":13,"featured_media":25434,"comment_status":"closed","ping_status":"closed","sticky":false,"template":"","format":"standard","meta":{"footnotes":""},"categories":[16,425,11],"tags":[],"class_list":["post-25433","post","type-post","status-publish","format-standard","has-post-thumbnail","hentry","category-cultura","category-destacado","category-hoja-de-haria"],"_links":{"self":[{"href":"https:\/\/www.ayuntamientodeharia.com\/haria\/wp-json\/wp\/v2\/posts\/25433","targetHints":{"allow":["GET"]}}],"collection":[{"href":"https:\/\/www.ayuntamientodeharia.com\/haria\/wp-json\/wp\/v2\/posts"}],"about":[{"href":"https:\/\/www.ayuntamientodeharia.com\/haria\/wp-json\/wp\/v2\/types\/post"}],"author":[{"embeddable":true,"href":"https:\/\/www.ayuntamientodeharia.com\/haria\/wp-json\/wp\/v2\/users\/13"}],"replies":[{"embeddable":true,"href":"https:\/\/www.ayuntamientodeharia.com\/haria\/wp-json\/wp\/v2\/comments?post=25433"}],"version-history":[{"count":1,"href":"https:\/\/www.ayuntamientodeharia.com\/haria\/wp-json\/wp\/v2\/posts\/25433\/revisions"}],"predecessor-version":[{"id":25435,"href":"https:\/\/www.ayuntamientodeharia.com\/haria\/wp-json\/wp\/v2\/posts\/25433\/revisions\/25435"}],"wp:featuredmedia":[{"embeddable":true,"href":"https:\/\/www.ayuntamientodeharia.com\/haria\/wp-json\/wp\/v2\/media\/25434"}],"wp:attachment":[{"href":"https:\/\/www.ayuntamientodeharia.com\/haria\/wp-json\/wp\/v2\/media?parent=25433"}],"wp:term":[{"taxonomy":"category","embeddable":true,"href":"https:\/\/www.ayuntamientodeharia.com\/haria\/wp-json\/wp\/v2\/categories?post=25433"},{"taxonomy":"post_tag","embeddable":true,"href":"https:\/\/www.ayuntamientodeharia.com\/haria\/wp-json\/wp\/v2\/tags?post=25433"}],"curies":[{"name":"wp","href":"https:\/\/api.w.org\/{rel}","templated":true}]}}