{"id":25424,"date":"2023-03-24T15:16:01","date_gmt":"2023-03-24T15:16:01","guid":{"rendered":"https:\/\/www.ayuntamientodeharia.com\/haria\/?p=25424"},"modified":"2023-03-24T15:16:01","modified_gmt":"2023-03-24T15:16:01","slug":"colectivos-e-investigadores-de-haria-participan-en-el-i-congreso-sobre-educacion-patrimonio-y-sostenibilidad","status":"publish","type":"post","link":"https:\/\/www.ayuntamientodeharia.com\/haria\/colectivos-e-investigadores-de-haria-participan-en-el-i-congreso-sobre-educacion-patrimonio-y-sostenibilidad\/","title":{"rendered":"Colectivos e investigadores de Har\u00eda participan en el I Congreso sobre Educaci\u00f3n, Patrimonio y Sostenibilidad"},"content":{"rendered":"<p>Colectivos e investigadores de Har\u00eda participaron los pasados d\u00edas 17 y 18 de marzo en el I Congreso sobre Educaci\u00f3n, Patrimonio y Sostenibilidad celebrado en la Isla.<\/p>\n<p>El evento estuvo organizado por la Consejer\u00eda de Educaci\u00f3n del Cabildo de Lanzarote, la Asociaci\u00f3n Milana y Proyecto Atl\u00e1ntida, en colaboraci\u00f3n con el Ministerio de Educaci\u00f3n y Formaci\u00f3n Profesional, la Consejer\u00eda de Educaci\u00f3n del Gobierno de Canarias y los Centros de Arte, Cultura y Turismo, y tuvo lugar en el Monumento al Campesino.<\/p>\n<p>Los asistentes a este congreso pudieron disfrutar de diversas ponencias sobre educaci\u00f3n, patrimonio y sostenibilidad relacionadas fundamentalmente con la nueva Ley de Educaci\u00f3n LOMLOE y los objetivos planteados en la Agenda estatal y canaria 2030.<\/p>\n<p>Desde el Ayuntamiento de Har\u00eda, felicitamos a los ponentes del municipio que difundieron sus experiencias sobre las labores e investigaciones realizadas en Lanzarote, as\u00ed como al Aula de la Naturaleza de M\u00e1guez, a la Asociaci\u00f3n Milana, a los Memoralistas de Lanzarote \u00d3scar Torres y Jes\u00fas Perdomo y al profesor e investigador Echedey S\u00e1nchez.<\/p>\n","protected":false},"excerpt":{"rendered":"<p>Colectivos e investigadores de Har\u00eda participaron los pasados d\u00edas 17 y 18 de marzo en el I Congreso sobre Educaci\u00f3n, Patrimonio y Sostenibilidad celebrado en la Isla. El evento estuvo organizado por la Consejer\u00eda de Educaci\u00f3n del Cabildo de Lanzarote, la Asociaci\u00f3n Milana y Proyecto Atl\u00e1ntida, en colaboraci\u00f3n con el Ministerio de Educaci\u00f3n y Formaci\u00f3n [&hellip;]<\/p>\n","protected":false},"author":13,"featured_media":25425,"comment_status":"closed","ping_status":"closed","sticky":false,"template":"","format":"standard","meta":{"footnotes":""},"categories":[425,11],"tags":[],"class_list":["post-25424","post","type-post","status-publish","format-standard","has-post-thumbnail","hentry","category-destacado","category-hoja-de-haria"],"_links":{"self":[{"href":"https:\/\/www.ayuntamientodeharia.com\/haria\/wp-json\/wp\/v2\/posts\/25424","targetHints":{"allow":["GET"]}}],"collection":[{"href":"https:\/\/www.ayuntamientodeharia.com\/haria\/wp-json\/wp\/v2\/posts"}],"about":[{"href":"https:\/\/www.ayuntamientodeharia.com\/haria\/wp-json\/wp\/v2\/types\/post"}],"author":[{"embeddable":true,"href":"https:\/\/www.ayuntamientodeharia.com\/haria\/wp-json\/wp\/v2\/users\/13"}],"replies":[{"embeddable":true,"href":"https:\/\/www.ayuntamientodeharia.com\/haria\/wp-json\/wp\/v2\/comments?post=25424"}],"version-history":[{"count":1,"href":"https:\/\/www.ayuntamientodeharia.com\/haria\/wp-json\/wp\/v2\/posts\/25424\/revisions"}],"predecessor-version":[{"id":25426,"href":"https:\/\/www.ayuntamientodeharia.com\/haria\/wp-json\/wp\/v2\/posts\/25424\/revisions\/25426"}],"wp:featuredmedia":[{"embeddable":true,"href":"https:\/\/www.ayuntamientodeharia.com\/haria\/wp-json\/wp\/v2\/media\/25425"}],"wp:attachment":[{"href":"https:\/\/www.ayuntamientodeharia.com\/haria\/wp-json\/wp\/v2\/media?parent=25424"}],"wp:term":[{"taxonomy":"category","embeddable":true,"href":"https:\/\/www.ayuntamientodeharia.com\/haria\/wp-json\/wp\/v2\/categories?post=25424"},{"taxonomy":"post_tag","embeddable":true,"href":"https:\/\/www.ayuntamientodeharia.com\/haria\/wp-json\/wp\/v2\/tags?post=25424"}],"curies":[{"name":"wp","href":"https:\/\/api.w.org\/{rel}","templated":true}]}}