{"id":25344,"date":"2023-03-17T14:09:42","date_gmt":"2023-03-17T14:09:42","guid":{"rendered":"https:\/\/www.ayuntamientodeharia.com\/haria\/?p=25344"},"modified":"2023-03-17T14:09:42","modified_gmt":"2023-03-17T14:09:42","slug":"nos-quedamos-sin-obras-y-sin-poder-nombrar-a-javier-reyes-como-hijo-predilecto-de-haria","status":"publish","type":"post","link":"https:\/\/www.ayuntamientodeharia.com\/haria\/nos-quedamos-sin-obras-y-sin-poder-nombrar-a-javier-reyes-como-hijo-predilecto-de-haria\/","title":{"rendered":"Nos quedamos sin obras y sin poder nombrar a Javier Reyes como Hijo Predilecto de Har\u00eda"},"content":{"rendered":"<p>El PSOE de Har\u00eda, encabezado por Alfredo Villalba, junto a los concejales tr\u00e1nsfugas de Coalici\u00f3n Canaria Chaxiraxi Niz, Alejandro Hern\u00e1ndez y Armando Bonilla, han conseguido bloquear todas las obras que llevaba el grupo de Gobierno al \u00faltimo Pleno del Ayuntamiento celebrado esta semana.<\/p>\n<p>De esta forma, obras de tanta importancia como poner soluci\u00f3n al socav\u00f3n de Punta Mujeres, la sustituci\u00f3n de la visera del Campo de F\u00fatbol, que est\u00e1 en muy mal estado, la dotaci\u00f3n de butacas del terrero de Lucha Canaria, el arreglo de la plaza de Mala o la mejora del Cementerio municipal, entre otras, no se podr\u00e1n llevar a cabo.<\/p>\n<p>La aritm\u00e9tica ha hecho posible que estos concejales y la formaci\u00f3n pol\u00edtica socialista se hayan opuesto reiteradamente a todas y cada una de las mejoras que ha propuesto el grupo de Gobierno.<\/p>\n<p>Las obras que no se podr\u00e1n llevar a cabo ser\u00e1n las siguientes:<\/p>\n<p>Visera del Estadio \u2013 52.000 euros<\/p>\n<p>Cancha de M\u00e1guez \u2013 110.000 euros<\/p>\n<p>CEIP San Juan \u2013 23.700 euros<\/p>\n<p>Aluminio Teleclub de Arrieta \u2013 8.000 euros<\/p>\n<p>CSC El Marinero \u2013 25.500 euros<\/p>\n<p>CSC La Garita \u2013 43.000 euros<\/p>\n<p>La Tegala \u2013 23.000 euros<\/p>\n<p>Tanatorio \u2013 21.300 euros<\/p>\n<p>Cementerio Municipal \u2013 42.000 euros<\/p>\n<p>Campo de Lucha \u2013 15.000 euros<\/p>\n<p>Plaza de Mala \u2013 82.000 euros<\/p>\n<p>Arreglo del socav\u00f3n de Punta Mujeres \u2013 25.000 euros<\/p>\n<p>Arreglo de muros y ornato \u2013 60.000 euros<\/p>\n<p><strong>Javier Reyes no podr\u00e1 ser nombrado Hijo Predilecto de Har\u00eda<\/strong><\/p>\n<p>En la misma l\u00ednea, el PSOE, liderado por Alfredo Villalba, y los concejales Chaxiraxi Niz, Alejandro Hern\u00e1ndez, Armando Bonilla y Soraya Brito tumbaron la propuesta de nombrar al emblem\u00e1tico vecino Javier Reyes como Hijo Predilecto de Har\u00eda.<\/p>\n<p>Reyes es una persona entra\u00f1able, amante de Har\u00eda y que re\u00fane todas las condiciones para ser nombrado Hijo Predilecto, sin embargo, esta decisi\u00f3n no ser\u00e1 posible debido a la decisi\u00f3n de estos concejales en su votaci\u00f3n.<\/p>\n<p>Desde el grupo de Gobierno queremos mostrar nuestra indignaci\u00f3n, puesto que aquellos y aquellas que dicen defender el bien com\u00fan est\u00e1n defendiendo \u00fanica y exclusivamente sus intereses electorales.<\/p>\n<p>No quieren que se arregle el socav\u00f3n de Punta Mujeres, no quieren que se arregle el Cementerio, no quieren que se arreglen las infraestructuras deportivas, ni reconocer a Javier Reyes.<\/p>\n<p>Lo que quieren es que cuanto peor, mejor, es decir, no hacer nada para que no lo pueda rentabilizar el actual grupo de Gobierno, como si estas medidas no fueran en beneficio de la comunidad, y no de un Gobierno.<\/p>\n<p>Esta forma de hacer pol\u00edtica es condenable y, desde el Ayuntamiento de Har\u00eda, queremos hacer un llamamiento para que reconduzcan la situaci\u00f3n, ya que nuestro principal inter\u00e9s es que las obras se realicen. Corresponde al grupo de Gobierno elegir las actuaciones prioritarias y aquellos que bloquean la gesti\u00f3n, est\u00e1n perjudicando los intereses municipales.<\/p>\n<p>Para concluir, la alcaldesa de Har\u00eda, Evelia Garc\u00eda, transmite que \u201ceste es uno de los momentos m\u00e1s tristes de su vida pol\u00edtica, no solo por el bloqueo de las obras, sino por el voto en contra en el nombramiento de una persona como Javier Reyes como Hijo Predilecto. Haremos lo posible para que este da\u00f1o moral sea subsanado y nos ponemos en marcha para que todo lo que se le ha negado a Har\u00eda, se le conceda a otros niveles\u201d.<\/p>\n","protected":false},"excerpt":{"rendered":"<p>El PSOE de Har\u00eda, encabezado por Alfredo Villalba, junto a los concejales tr\u00e1nsfugas de Coalici\u00f3n Canaria Chaxiraxi Niz, Alejandro Hern\u00e1ndez y Armando Bonilla, han conseguido bloquear todas las obras que llevaba el grupo de Gobierno al \u00faltimo Pleno del Ayuntamiento celebrado esta semana. De esta forma, obras de tanta importancia como poner soluci\u00f3n al socav\u00f3n [&hellip;]<\/p>\n","protected":false},"author":13,"featured_media":25345,"comment_status":"closed","ping_status":"closed","sticky":false,"template":"","format":"standard","meta":{"footnotes":""},"categories":[73,425,11],"tags":[],"class_list":["post-25344","post","type-post","status-publish","format-standard","has-post-thumbnail","hentry","category-alcaldia","category-destacado","category-hoja-de-haria"],"_links":{"self":[{"href":"https:\/\/www.ayuntamientodeharia.com\/haria\/wp-json\/wp\/v2\/posts\/25344","targetHints":{"allow":["GET"]}}],"collection":[{"href":"https:\/\/www.ayuntamientodeharia.com\/haria\/wp-json\/wp\/v2\/posts"}],"about":[{"href":"https:\/\/www.ayuntamientodeharia.com\/haria\/wp-json\/wp\/v2\/types\/post"}],"author":[{"embeddable":true,"href":"https:\/\/www.ayuntamientodeharia.com\/haria\/wp-json\/wp\/v2\/users\/13"}],"replies":[{"embeddable":true,"href":"https:\/\/www.ayuntamientodeharia.com\/haria\/wp-json\/wp\/v2\/comments?post=25344"}],"version-history":[{"count":1,"href":"https:\/\/www.ayuntamientodeharia.com\/haria\/wp-json\/wp\/v2\/posts\/25344\/revisions"}],"predecessor-version":[{"id":25346,"href":"https:\/\/www.ayuntamientodeharia.com\/haria\/wp-json\/wp\/v2\/posts\/25344\/revisions\/25346"}],"wp:featuredmedia":[{"embeddable":true,"href":"https:\/\/www.ayuntamientodeharia.com\/haria\/wp-json\/wp\/v2\/media\/25345"}],"wp:attachment":[{"href":"https:\/\/www.ayuntamientodeharia.com\/haria\/wp-json\/wp\/v2\/media?parent=25344"}],"wp:term":[{"taxonomy":"category","embeddable":true,"href":"https:\/\/www.ayuntamientodeharia.com\/haria\/wp-json\/wp\/v2\/categories?post=25344"},{"taxonomy":"post_tag","embeddable":true,"href":"https:\/\/www.ayuntamientodeharia.com\/haria\/wp-json\/wp\/v2\/tags?post=25344"}],"curies":[{"name":"wp","href":"https:\/\/api.w.org\/{rel}","templated":true}]}}