{"id":25240,"date":"2023-03-03T16:51:57","date_gmt":"2023-03-03T16:51:57","guid":{"rendered":"https:\/\/www.ayuntamientodeharia.com\/haria\/?p=25240"},"modified":"2023-03-03T16:51:57","modified_gmt":"2023-03-03T16:51:57","slug":"la-administracion-general-del-estado-se-acercara-a-haria-el-30-de-marzo","status":"publish","type":"post","link":"https:\/\/www.ayuntamientodeharia.com\/haria\/la-administracion-general-del-estado-se-acercara-a-haria-el-30-de-marzo\/","title":{"rendered":"La Administraci\u00f3n General del Estado se acercar\u00e1 a Har\u00eda el 30 de marzo"},"content":{"rendered":"<p>El Ayuntamiento de Har\u00eda informa que la Administraci\u00f3n General del Estado se desplazar\u00e1 al municipio el pr\u00f3ximo 30 de marzo. En el marco del proyecto \u2018La Administraci\u00f3n cerca de ti\u2019, un representante del Estado estar\u00e1 de 10:00 a 13:00 horas en el edificio de la Oficina T\u00e9cnica de Har\u00eda.<\/p>\n<p>Esta iniciativa busca ayudar a la ciudadan\u00eda con tr\u00e1mites como el Certificado Digital o la Cl@ve Permanente, facilitando con una atenci\u00f3n personal y presencial la incursi\u00f3n de la ciudadan\u00eda a los tr\u00e1mites telem\u00e1ticos, reduciendo la brecha digital y ofreciendo igualdad de oportunidades.<\/p>\n","protected":false},"excerpt":{"rendered":"<p>El Ayuntamiento de Har\u00eda informa que la Administraci\u00f3n General del Estado se desplazar\u00e1 al municipio el pr\u00f3ximo 30 de marzo. En el marco del proyecto \u2018La Administraci\u00f3n cerca de ti\u2019, un representante del Estado estar\u00e1 de 10:00 a 13:00 horas en el edificio de la Oficina T\u00e9cnica de Har\u00eda. Esta iniciativa busca ayudar a la [&hellip;]<\/p>\n","protected":false},"author":13,"featured_media":25241,"comment_status":"closed","ping_status":"closed","sticky":false,"template":"","format":"standard","meta":{"footnotes":""},"categories":[32,11],"tags":[],"class_list":["post-25240","post","type-post","status-publish","format-standard","has-post-thumbnail","hentry","category-anuncios","category-hoja-de-haria"],"_links":{"self":[{"href":"https:\/\/www.ayuntamientodeharia.com\/haria\/wp-json\/wp\/v2\/posts\/25240","targetHints":{"allow":["GET"]}}],"collection":[{"href":"https:\/\/www.ayuntamientodeharia.com\/haria\/wp-json\/wp\/v2\/posts"}],"about":[{"href":"https:\/\/www.ayuntamientodeharia.com\/haria\/wp-json\/wp\/v2\/types\/post"}],"author":[{"embeddable":true,"href":"https:\/\/www.ayuntamientodeharia.com\/haria\/wp-json\/wp\/v2\/users\/13"}],"replies":[{"embeddable":true,"href":"https:\/\/www.ayuntamientodeharia.com\/haria\/wp-json\/wp\/v2\/comments?post=25240"}],"version-history":[{"count":1,"href":"https:\/\/www.ayuntamientodeharia.com\/haria\/wp-json\/wp\/v2\/posts\/25240\/revisions"}],"predecessor-version":[{"id":25242,"href":"https:\/\/www.ayuntamientodeharia.com\/haria\/wp-json\/wp\/v2\/posts\/25240\/revisions\/25242"}],"wp:featuredmedia":[{"embeddable":true,"href":"https:\/\/www.ayuntamientodeharia.com\/haria\/wp-json\/wp\/v2\/media\/25241"}],"wp:attachment":[{"href":"https:\/\/www.ayuntamientodeharia.com\/haria\/wp-json\/wp\/v2\/media?parent=25240"}],"wp:term":[{"taxonomy":"category","embeddable":true,"href":"https:\/\/www.ayuntamientodeharia.com\/haria\/wp-json\/wp\/v2\/categories?post=25240"},{"taxonomy":"post_tag","embeddable":true,"href":"https:\/\/www.ayuntamientodeharia.com\/haria\/wp-json\/wp\/v2\/tags?post=25240"}],"curies":[{"name":"wp","href":"https:\/\/api.w.org\/{rel}","templated":true}]}}