{"id":2515,"date":"2015-09-25T13:03:28","date_gmt":"2015-09-25T13:03:28","guid":{"rendered":"http:\/\/www.ayuntamientodeharia.com\/haria\/?p=2515"},"modified":"2015-09-25T13:03:28","modified_gmt":"2015-09-25T13:03:28","slug":"balance-de-gestion-de-los-cien-primeros-dias-de-gobierno-en-haria","status":"publish","type":"post","link":"https:\/\/www.ayuntamientodeharia.com\/haria\/balance-de-gestion-de-los-cien-primeros-dias-de-gobierno-en-haria\/","title":{"rendered":"Balance de gesti\u00f3n de los cien primeros d\u00edas de gobierno en Har\u00eda"},"content":{"rendered":"<h6><strong>El alcalde, Marciano Acu\u00f1a, y el primer teniente de alcalde, Jos\u00e9 P\u00e9rez Dorta, repasaron la labor desarrollada en estos tres primeros meses y adelantaron sus proyectos para el futuro<\/strong><\/h6>\n<p>&nbsp;<\/p>\n<p><a href=\"http:\/\/www.ayuntamientodeharia.com\/haria\/wp-content\/uploads\/2015\/09\/marciano-acu\u00f1a-y-jose-dorta.jpg\"><img fetchpriority=\"high\" decoding=\"async\" class=\"alignleft size-medium wp-image-2488\" src=\"http:\/\/www.ayuntamientodeharia.com\/haria\/wp-content\/uploads\/2015\/09\/marciano-acu\u00f1a-y-jose-dorta-300x171.jpg\" alt=\"marciano acu\u00f1a y jose dorta\" width=\"300\" height=\"171\" srcset=\"https:\/\/www.ayuntamientodeharia.com\/haria\/wp-content\/uploads\/2015\/09\/marciano-acu\u00f1a-y-jose-dorta-300x171.jpg 300w, https:\/\/www.ayuntamientodeharia.com\/haria\/wp-content\/uploads\/2015\/09\/marciano-acu\u00f1a-y-jose-dorta-1024x585.jpg 1024w, https:\/\/www.ayuntamientodeharia.com\/haria\/wp-content\/uploads\/2015\/09\/marciano-acu\u00f1a-y-jose-dorta.jpg 1786w\" sizes=\"(max-width: 300px) 100vw, 300px\" \/><\/a>El alcalde de Har\u00eda, Marciano Acu\u00f1a, y el primer teniente de alcalde, Jos\u00e9 P\u00e9rez Dorta, ofrecieron este jueves, 24 de septiembre, una rueda de prensa en la que hicieron balance de los cien primeros d\u00edas de gobierno al frente del Consistorio norte\u00f1o. Los representantes municipales trasladaron un mensaje de uni\u00f3n y de estabilidad entre los concejales de CC y Somos Lanzarote, incidiendo en la idea de cambio tranquilo que se prometi\u00f3 durante las elecciones, as\u00ed como en la necesidad de devolver el respeto al pueblo de Har\u00eda.<\/p>\n<p>&nbsp;<\/p>\n<p>Respecto a la situaci\u00f3n heredada de la Corporaci\u00f3n anterior, Acu\u00f1a lament\u00f3 la falta de gesti\u00f3n pol\u00edtica y la escasa capacidad de maniobra fruto de un presupuesto agotado en muchas de las partidas y una r\u00edgida estructura econ\u00f3mico-financiera, sometida a un Plan de Ajuste. Para revertir esta situaci\u00f3n y mejorar la calidad de vida de los ciudadanos, el nuevo grupo de gobierno ha tomado medidas importantes, tales como incentivar el empleo, a trav\u00e9s de proyectos municipales que han dado trabajo a 11 personas en estos tres meses. Gracias a ello, se ha podido poner en marcha un primer plan de choque de limpieza.<\/p>\n<p><!--more--><\/p>\n<p>Tambi\u00e9n se ha trabajado en normalizar las relaciones con otras instituciones y se avanzado en la soluci\u00f3n del conflicto entre las navieras que operan en La Graciosa y en la problem\u00e1tica de los aparcamientos en el puerto de \u00d3rzola, creando una mesa de trabajo que comenzar\u00e1 su andadura el pr\u00f3ximo 2 de octubre. En el plano educativo, cabe destacar las gestiones realizadas por el Ayuntamiento, junto a padres y equipos directivos, para mantener los grupos de infantil de los colegios San Juan y La Garita, as\u00ed como las reuniones mantenidas con el Gobierno regional de cara a garantizar la adjudicaci\u00f3n del nuevo Instituto.<\/p>\n<p>&nbsp;<\/p>\n<p>Para atender a los vecinos como se merecen, el Consistorio norte\u00f1o ha abierto las puertas a sus leg\u00edtimos due\u00f1os, llevando a cabo una pol\u00edtica m\u00e1s participativa, por ejemplo, en la organizaci\u00f3n de las fiestas en los distintos pueblos del municipio, motivando y poniendo en valor tambi\u00e9n la labor desarrollada por los empleados p\u00fablicos.<\/p>\n<p>&nbsp;<\/p>\n<p>Entre los retos que se plantea la nueva Corporaci\u00f3n, el primer edil norte\u00f1o hizo hincapi\u00e9 en la bajada del IBI en 2016 para aliviar la presi\u00f3n fiscal sobre los vecinos, el pago de la deuda con entidades bancarias y la primera modificaci\u00f3n y revisi\u00f3n del Plan General de Ordenaci\u00f3n Urbana, as\u00ed como un primer Plan Municipal de Inversiones.<\/p>\n<p>&nbsp;<\/p>\n<p>Jos\u00e9 P\u00e9rez Dorta puso \u00e9nfasis tambi\u00e9n en la necesidad de contar con un punto limpio en Har\u00eda, una reivindicaci\u00f3n urgente y necesaria, as\u00ed como en el proyecto para que el municipio acoja el centro insular de artesan\u00eda.<\/p>\n","protected":false},"excerpt":{"rendered":"<p>El alcalde, Marciano Acu\u00f1a, y el primer teniente de alcalde, Jos\u00e9 P\u00e9rez Dorta, repasaron la labor desarrollada en estos tres primeros meses y adelantaron sus proyectos para el futuro &nbsp; El alcalde de Har\u00eda, Marciano Acu\u00f1a, y el primer teniente de alcalde, Jos\u00e9 P\u00e9rez Dorta, ofrecieron este jueves, 24 de septiembre, una rueda de prensa [&hellip;]<\/p>\n","protected":false},"author":2,"featured_media":0,"comment_status":"closed","ping_status":"closed","sticky":false,"template":"","format":"standard","meta":{"footnotes":""},"categories":[11],"tags":[],"class_list":["post-2515","post","type-post","status-publish","format-standard","hentry","category-hoja-de-haria"],"_links":{"self":[{"href":"https:\/\/www.ayuntamientodeharia.com\/haria\/wp-json\/wp\/v2\/posts\/2515","targetHints":{"allow":["GET"]}}],"collection":[{"href":"https:\/\/www.ayuntamientodeharia.com\/haria\/wp-json\/wp\/v2\/posts"}],"about":[{"href":"https:\/\/www.ayuntamientodeharia.com\/haria\/wp-json\/wp\/v2\/types\/post"}],"author":[{"embeddable":true,"href":"https:\/\/www.ayuntamientodeharia.com\/haria\/wp-json\/wp\/v2\/users\/2"}],"replies":[{"embeddable":true,"href":"https:\/\/www.ayuntamientodeharia.com\/haria\/wp-json\/wp\/v2\/comments?post=2515"}],"version-history":[{"count":0,"href":"https:\/\/www.ayuntamientodeharia.com\/haria\/wp-json\/wp\/v2\/posts\/2515\/revisions"}],"wp:attachment":[{"href":"https:\/\/www.ayuntamientodeharia.com\/haria\/wp-json\/wp\/v2\/media?parent=2515"}],"wp:term":[{"taxonomy":"category","embeddable":true,"href":"https:\/\/www.ayuntamientodeharia.com\/haria\/wp-json\/wp\/v2\/categories?post=2515"},{"taxonomy":"post_tag","embeddable":true,"href":"https:\/\/www.ayuntamientodeharia.com\/haria\/wp-json\/wp\/v2\/tags?post=2515"}],"curies":[{"name":"wp","href":"https:\/\/api.w.org\/{rel}","templated":true}]}}