{"id":2513,"date":"2015-09-25T13:01:34","date_gmt":"2015-09-25T13:01:34","guid":{"rendered":"http:\/\/www.ayuntamientodeharia.com\/haria\/?p=2513"},"modified":"2015-09-25T13:01:34","modified_gmt":"2015-09-25T13:01:34","slug":"haria-se-congratula-de-la-mencion-especial-para-el-taller-de-artesania-en-los-premios-distinguidos-del-turismo-2","status":"publish","type":"post","link":"https:\/\/www.ayuntamientodeharia.com\/haria\/haria-se-congratula-de-la-mencion-especial-para-el-taller-de-artesania-en-los-premios-distinguidos-del-turismo-2\/","title":{"rendered":"Har\u00eda se congratula de la menci\u00f3n especial para el Taller de Artesan\u00eda en los Premios \u2018Distinguidos del Turismo\u2019"},"content":{"rendered":"<p><a href=\"http:\/\/www.ayuntamientodeharia.com\/haria\/wp-content\/uploads\/2015\/09\/taller-artesania.jpg\"><img decoding=\"async\" class=\"alignleft size-medium wp-image-2484\" src=\"http:\/\/www.ayuntamientodeharia.com\/haria\/wp-content\/uploads\/2015\/09\/taller-artesania-300x164.jpg\" alt=\"taller artesania\" width=\"300\" height=\"164\" srcset=\"https:\/\/www.ayuntamientodeharia.com\/haria\/wp-content\/uploads\/2015\/09\/taller-artesania-300x164.jpg 300w, https:\/\/www.ayuntamientodeharia.com\/haria\/wp-content\/uploads\/2015\/09\/taller-artesania.jpg 963w\" sizes=\"(max-width: 300px) 100vw, 300px\" \/><\/a>El alcalde de Har\u00eda, Marciano Acu\u00f1a, muestra su satisfacci\u00f3n por el hecho de que el Taller Municipal de Artesan\u00eda \u2018Reinaldo Dorta D\u00e9niz\u2019 haya logrado una menci\u00f3n especial en los Premios \u2018Distinguidos del Turismo\u2019 que concede anualmente el Cabildo de Lanzarote.<\/p>\n<p>&nbsp;<\/p>\n<p>El jurado, integrado por representantes de entidades p\u00fablicas y privadas que conforman la Sociedad de Promoci\u00f3n Exterior de Lanzarote (SPEL), valor\u00f3 positivamente la labor desarrollada por este Taller en defensa de la artesan\u00eda insular, alabando su condici\u00f3n de centro municipal con una vertiente tanto tradicional como contempor\u00e1nea, que ha sabido ganarse un nombre gracias a la labor de los artesanos que all\u00ed trabajan y comercializan sus productos.<\/p>\n<p><!--more--><\/p>\n<p><a href=\"http:\/\/www.ayuntamientodeharia.com\/haria\/wp-content\/uploads\/2015\/09\/artesania.jpg\"><img decoding=\"async\" class=\"alignleft size-medium wp-image-2485\" src=\"http:\/\/www.ayuntamientodeharia.com\/haria\/wp-content\/uploads\/2015\/09\/artesania-300x135.jpg\" alt=\"artesania\" width=\"300\" height=\"135\" srcset=\"https:\/\/www.ayuntamientodeharia.com\/haria\/wp-content\/uploads\/2015\/09\/artesania-300x135.jpg 300w, https:\/\/www.ayuntamientodeharia.com\/haria\/wp-content\/uploads\/2015\/09\/artesania.jpg 960w\" sizes=\"(max-width: 300px) 100vw, 300px\" \/><\/a>El concejal de Artesan\u00eda del Ayuntamiento norte\u00f1o, Jos\u00e9 P\u00e9rez Dorta, hace hincapi\u00e9 en lo que supone para los artesanos del municipio recibir esta menci\u00f3n, \u201cque viene adem\u00e1s a respaldar y reconocer el esfuerzo que se hace desde la Corporaci\u00f3n local para mantener en funcionamiento dicho taller\u201d.<\/p>\n","protected":false},"excerpt":{"rendered":"<p>El alcalde de Har\u00eda, Marciano Acu\u00f1a, muestra su satisfacci\u00f3n por el hecho de que el Taller Municipal de Artesan\u00eda \u2018Reinaldo Dorta D\u00e9niz\u2019 haya logrado una menci\u00f3n especial en los Premios \u2018Distinguidos del Turismo\u2019 que concede anualmente el Cabildo de Lanzarote. &nbsp; El jurado, integrado por representantes de entidades p\u00fablicas y privadas que conforman la Sociedad [&hellip;]<\/p>\n","protected":false},"author":2,"featured_media":0,"comment_status":"closed","ping_status":"closed","sticky":false,"template":"","format":"standard","meta":{"footnotes":""},"categories":[66,11],"tags":[],"class_list":["post-2513","post","type-post","status-publish","format-standard","hentry","category-artesania","category-hoja-de-haria"],"_links":{"self":[{"href":"https:\/\/www.ayuntamientodeharia.com\/haria\/wp-json\/wp\/v2\/posts\/2513","targetHints":{"allow":["GET"]}}],"collection":[{"href":"https:\/\/www.ayuntamientodeharia.com\/haria\/wp-json\/wp\/v2\/posts"}],"about":[{"href":"https:\/\/www.ayuntamientodeharia.com\/haria\/wp-json\/wp\/v2\/types\/post"}],"author":[{"embeddable":true,"href":"https:\/\/www.ayuntamientodeharia.com\/haria\/wp-json\/wp\/v2\/users\/2"}],"replies":[{"embeddable":true,"href":"https:\/\/www.ayuntamientodeharia.com\/haria\/wp-json\/wp\/v2\/comments?post=2513"}],"version-history":[{"count":0,"href":"https:\/\/www.ayuntamientodeharia.com\/haria\/wp-json\/wp\/v2\/posts\/2513\/revisions"}],"wp:attachment":[{"href":"https:\/\/www.ayuntamientodeharia.com\/haria\/wp-json\/wp\/v2\/media?parent=2513"}],"wp:term":[{"taxonomy":"category","embeddable":true,"href":"https:\/\/www.ayuntamientodeharia.com\/haria\/wp-json\/wp\/v2\/categories?post=2513"},{"taxonomy":"post_tag","embeddable":true,"href":"https:\/\/www.ayuntamientodeharia.com\/haria\/wp-json\/wp\/v2\/tags?post=2513"}],"curies":[{"name":"wp","href":"https:\/\/api.w.org\/{rel}","templated":true}]}}