{"id":2511,"date":"2015-09-25T13:00:21","date_gmt":"2015-09-25T13:00:21","guid":{"rendered":"http:\/\/www.ayuntamientodeharia.com\/haria\/?p=2511"},"modified":"2015-09-25T13:00:21","modified_gmt":"2015-09-25T13:00:21","slug":"clausura-del-taller-de-fotografia-para-mayores","status":"publish","type":"post","link":"https:\/\/www.ayuntamientodeharia.com\/haria\/clausura-del-taller-de-fotografia-para-mayores\/","title":{"rendered":"Clausura del taller de fotograf\u00eda para mayores"},"content":{"rendered":"<p><a href=\"http:\/\/www.ayuntamientodeharia.com\/haria\/wp-content\/uploads\/2015\/09\/fotografia-mayores.jpg\"><img fetchpriority=\"high\" decoding=\"async\" class=\"alignleft size-medium wp-image-2487\" src=\"http:\/\/www.ayuntamientodeharia.com\/haria\/wp-content\/uploads\/2015\/09\/fotografia-mayores-300x196.jpg\" alt=\"fotografia mayores\" width=\"300\" height=\"196\" srcset=\"https:\/\/www.ayuntamientodeharia.com\/haria\/wp-content\/uploads\/2015\/09\/fotografia-mayores-300x196.jpg 300w, https:\/\/www.ayuntamientodeharia.com\/haria\/wp-content\/uploads\/2015\/09\/fotografia-mayores-1024x670.jpg 1024w, https:\/\/www.ayuntamientodeharia.com\/haria\/wp-content\/uploads\/2015\/09\/fotografia-mayores.jpg 1081w\" sizes=\"(max-width: 300px) 100vw, 300px\" \/><\/a>Los mayores del municipio de Har\u00eda tuvieron la oportunidad de acercase al mundo de la imagen gracias al taller organizado desde la Concejal\u00eda de la Tercera Edad del Ayuntamiento, que se celebr\u00f3 en Punta Mujeres, impartido por el fot\u00f3grafo y profesor Javier S\u00e1enz.<\/p>\n","protected":false},"excerpt":{"rendered":"<p>Los mayores del municipio de Har\u00eda tuvieron la oportunidad de acercase al mundo de la imagen gracias al taller organizado desde la Concejal\u00eda de la Tercera Edad del Ayuntamiento, que se celebr\u00f3 en Punta Mujeres, impartido por el fot\u00f3grafo y profesor Javier S\u00e1enz.<\/p>\n","protected":false},"author":2,"featured_media":0,"comment_status":"closed","ping_status":"closed","sticky":false,"template":"","format":"standard","meta":{"footnotes":""},"categories":[11,61],"tags":[],"class_list":["post-2511","post","type-post","status-publish","format-standard","hentry","category-hoja-de-haria","category-tercera-edad"],"_links":{"self":[{"href":"https:\/\/www.ayuntamientodeharia.com\/haria\/wp-json\/wp\/v2\/posts\/2511","targetHints":{"allow":["GET"]}}],"collection":[{"href":"https:\/\/www.ayuntamientodeharia.com\/haria\/wp-json\/wp\/v2\/posts"}],"about":[{"href":"https:\/\/www.ayuntamientodeharia.com\/haria\/wp-json\/wp\/v2\/types\/post"}],"author":[{"embeddable":true,"href":"https:\/\/www.ayuntamientodeharia.com\/haria\/wp-json\/wp\/v2\/users\/2"}],"replies":[{"embeddable":true,"href":"https:\/\/www.ayuntamientodeharia.com\/haria\/wp-json\/wp\/v2\/comments?post=2511"}],"version-history":[{"count":0,"href":"https:\/\/www.ayuntamientodeharia.com\/haria\/wp-json\/wp\/v2\/posts\/2511\/revisions"}],"wp:attachment":[{"href":"https:\/\/www.ayuntamientodeharia.com\/haria\/wp-json\/wp\/v2\/media?parent=2511"}],"wp:term":[{"taxonomy":"category","embeddable":true,"href":"https:\/\/www.ayuntamientodeharia.com\/haria\/wp-json\/wp\/v2\/categories?post=2511"},{"taxonomy":"post_tag","embeddable":true,"href":"https:\/\/www.ayuntamientodeharia.com\/haria\/wp-json\/wp\/v2\/tags?post=2511"}],"curies":[{"name":"wp","href":"https:\/\/api.w.org\/{rel}","templated":true}]}}