{"id":2509,"date":"2015-09-25T12:59:28","date_gmt":"2015-09-25T12:59:28","guid":{"rendered":"http:\/\/www.ayuntamientodeharia.com\/haria\/?p=2509"},"modified":"2015-09-25T12:59:28","modified_gmt":"2015-09-25T12:59:28","slug":"ofrenda-floral-para-recordar-a-cesar-manrique","status":"publish","type":"post","link":"https:\/\/www.ayuntamientodeharia.com\/haria\/ofrenda-floral-para-recordar-a-cesar-manrique\/","title":{"rendered":"Ofrenda floral para recordar a C\u00e9sar Manrique"},"content":{"rendered":"<p><a href=\"http:\/\/www.ayuntamientodeharia.com\/haria\/wp-content\/uploads\/2015\/09\/ofrenda-2.jpg\"><img fetchpriority=\"high\" decoding=\"async\" class=\"alignleft size-medium wp-image-2480\" src=\"http:\/\/www.ayuntamientodeharia.com\/haria\/wp-content\/uploads\/2015\/09\/ofrenda-2-228x300.jpg\" alt=\"ofrenda 2\" width=\"228\" height=\"300\" srcset=\"https:\/\/www.ayuntamientodeharia.com\/haria\/wp-content\/uploads\/2015\/09\/ofrenda-2-228x300.jpg 228w, https:\/\/www.ayuntamientodeharia.com\/haria\/wp-content\/uploads\/2015\/09\/ofrenda-2.jpg 500w\" sizes=\"(max-width: 228px) 100vw, 228px\" \/><\/a>El artista lanzarote\u00f1o C\u00e9sar Manrique fue recordado este pasado jueves, 24 de septiembre, con la tradicional ofrenda floral en el cementerio de Har\u00eda a cargo de trabajadores de los Centros Tur\u00edsticos y representantes del Cabildo de Lanzarote y el propio Ayuntamiento de Har\u00eda.<\/p>\n<p>&nbsp;<\/p>\n<p>Como en ediciones anteriores, alumnos del colegio San Juan recitaron diferentes citas del genial artista lanzarote\u00f1o acompa\u00f1ados por la guitarra de una de las ni\u00f1as del centro. Carmensa de la Hoz, colaboradora de Manrique durante muchos a\u00f1os, fue la encargada de leer una semblanza recordando el legado de su maestro, que es necesario mantener y defender, afirmando que \u201cC\u00e9sar no se ha ido\u201d y que \u201csu mensaje siempre permanecer\u00e1 vivo\u201d.<\/p>\n<p><!--more--><\/p>\n<p><a href=\"http:\/\/www.ayuntamientodeharia.com\/haria\/wp-content\/uploads\/2015\/09\/ofrenda.jpg\"><img decoding=\"async\" class=\"alignleft size-medium wp-image-2481\" src=\"http:\/\/www.ayuntamientodeharia.com\/haria\/wp-content\/uploads\/2015\/09\/ofrenda-300x153.jpg\" alt=\"ofrenda\" width=\"300\" height=\"153\" srcset=\"https:\/\/www.ayuntamientodeharia.com\/haria\/wp-content\/uploads\/2015\/09\/ofrenda-300x153.jpg 300w, https:\/\/www.ayuntamientodeharia.com\/haria\/wp-content\/uploads\/2015\/09\/ofrenda-1024x523.jpg 1024w, https:\/\/www.ayuntamientodeharia.com\/haria\/wp-content\/uploads\/2015\/09\/ofrenda.jpg 1082w\" sizes=\"(max-width: 300px) 100vw, 300px\" \/><\/a>Para finalizar el acto, una agrupaci\u00f3n folcl\u00f3rica de Arrecife interpret\u00f3 una malague\u00f1a compuesta por Santiago Torres y dedicada al artista. Participaron en la misma Marilina Cabrera, Candelaria Torres y Airima Saavedra.<\/p>\n","protected":false},"excerpt":{"rendered":"<p>El artista lanzarote\u00f1o C\u00e9sar Manrique fue recordado este pasado jueves, 24 de septiembre, con la tradicional ofrenda floral en el cementerio de Har\u00eda a cargo de trabajadores de los Centros Tur\u00edsticos y representantes del Cabildo de Lanzarote y el propio Ayuntamiento de Har\u00eda. &nbsp; Como en ediciones anteriores, alumnos del colegio San Juan recitaron diferentes [&hellip;]<\/p>\n","protected":false},"author":2,"featured_media":0,"comment_status":"closed","ping_status":"closed","sticky":false,"template":"","format":"standard","meta":{"footnotes":""},"categories":[11],"tags":[],"class_list":["post-2509","post","type-post","status-publish","format-standard","hentry","category-hoja-de-haria"],"_links":{"self":[{"href":"https:\/\/www.ayuntamientodeharia.com\/haria\/wp-json\/wp\/v2\/posts\/2509","targetHints":{"allow":["GET"]}}],"collection":[{"href":"https:\/\/www.ayuntamientodeharia.com\/haria\/wp-json\/wp\/v2\/posts"}],"about":[{"href":"https:\/\/www.ayuntamientodeharia.com\/haria\/wp-json\/wp\/v2\/types\/post"}],"author":[{"embeddable":true,"href":"https:\/\/www.ayuntamientodeharia.com\/haria\/wp-json\/wp\/v2\/users\/2"}],"replies":[{"embeddable":true,"href":"https:\/\/www.ayuntamientodeharia.com\/haria\/wp-json\/wp\/v2\/comments?post=2509"}],"version-history":[{"count":0,"href":"https:\/\/www.ayuntamientodeharia.com\/haria\/wp-json\/wp\/v2\/posts\/2509\/revisions"}],"wp:attachment":[{"href":"https:\/\/www.ayuntamientodeharia.com\/haria\/wp-json\/wp\/v2\/media?parent=2509"}],"wp:term":[{"taxonomy":"category","embeddable":true,"href":"https:\/\/www.ayuntamientodeharia.com\/haria\/wp-json\/wp\/v2\/categories?post=2509"},{"taxonomy":"post_tag","embeddable":true,"href":"https:\/\/www.ayuntamientodeharia.com\/haria\/wp-json\/wp\/v2\/tags?post=2509"}],"curies":[{"name":"wp","href":"https:\/\/api.w.org\/{rel}","templated":true}]}}