{"id":2505,"date":"2015-09-25T12:45:35","date_gmt":"2015-09-25T12:45:35","guid":{"rendered":"http:\/\/www.ayuntamientodeharia.com\/haria\/?p=2505"},"modified":"2015-09-25T12:45:35","modified_gmt":"2015-09-25T12:45:35","slug":"taller-de-competencias-basicas-para-el-empleo","status":"publish","type":"post","link":"https:\/\/www.ayuntamientodeharia.com\/haria\/taller-de-competencias-basicas-para-el-empleo\/","title":{"rendered":"Taller de competencias b\u00e1sicas para el empleo"},"content":{"rendered":"<p>Desde la Concejal\u00eda de Empleo, coordinada por Soraya Brito, se informa a los j\u00f3venes que la AI de la Cruz Roja Lanzarote, en colaboraci\u00f3n con la empresa Vodafone, organizan un Taller de Competencias B\u00e1sicas para el Empleo dirigido a j\u00f3venes de entre 18 y 21 a\u00f1os, cuyo objetivo principal es mejorar las competencias de los j\u00f3venes en dificultad, de forma que puedan mejorar su trayectoria profesional y empleabilidad.<\/p>\n<p>&nbsp;<\/p>\n<p>El curso constar\u00e1 de 45 horas, distribuidas, de lunes a viernes, en horario de 10:00 a 13:00 horas y el plazo para realizar la inscripci\u00f3n finaliza el 2 de octubre. Los j\u00f3venes interesados en obtener m\u00e1s informaci\u00f3n del curso deber\u00e1n dirigirse a la Agencia de Empleo y Desarrollo Local del Ayuntamiento de Har\u00eda.<\/p>\n","protected":false},"excerpt":{"rendered":"<p>Desde la Concejal\u00eda de Empleo, coordinada por Soraya Brito, se informa a los j\u00f3venes que la AI de la Cruz Roja Lanzarote, en colaboraci\u00f3n con la empresa Vodafone, organizan un Taller de Competencias B\u00e1sicas para el Empleo dirigido a j\u00f3venes de entre 18 y 21 a\u00f1os, cuyo objetivo principal es mejorar las competencias de los [&hellip;]<\/p>\n","protected":false},"author":2,"featured_media":0,"comment_status":"closed","ping_status":"closed","sticky":false,"template":"","format":"standard","meta":{"footnotes":""},"categories":[19,11],"tags":[],"class_list":["post-2505","post","type-post","status-publish","format-standard","hentry","category-formacion","category-hoja-de-haria"],"_links":{"self":[{"href":"https:\/\/www.ayuntamientodeharia.com\/haria\/wp-json\/wp\/v2\/posts\/2505","targetHints":{"allow":["GET"]}}],"collection":[{"href":"https:\/\/www.ayuntamientodeharia.com\/haria\/wp-json\/wp\/v2\/posts"}],"about":[{"href":"https:\/\/www.ayuntamientodeharia.com\/haria\/wp-json\/wp\/v2\/types\/post"}],"author":[{"embeddable":true,"href":"https:\/\/www.ayuntamientodeharia.com\/haria\/wp-json\/wp\/v2\/users\/2"}],"replies":[{"embeddable":true,"href":"https:\/\/www.ayuntamientodeharia.com\/haria\/wp-json\/wp\/v2\/comments?post=2505"}],"version-history":[{"count":0,"href":"https:\/\/www.ayuntamientodeharia.com\/haria\/wp-json\/wp\/v2\/posts\/2505\/revisions"}],"wp:attachment":[{"href":"https:\/\/www.ayuntamientodeharia.com\/haria\/wp-json\/wp\/v2\/media?parent=2505"}],"wp:term":[{"taxonomy":"category","embeddable":true,"href":"https:\/\/www.ayuntamientodeharia.com\/haria\/wp-json\/wp\/v2\/categories?post=2505"},{"taxonomy":"post_tag","embeddable":true,"href":"https:\/\/www.ayuntamientodeharia.com\/haria\/wp-json\/wp\/v2\/tags?post=2505"}],"curies":[{"name":"wp","href":"https:\/\/api.w.org\/{rel}","templated":true}]}}