{"id":2503,"date":"2015-09-25T12:37:19","date_gmt":"2015-09-25T12:37:19","guid":{"rendered":"http:\/\/www.ayuntamientodeharia.com\/haria\/?p=2503"},"modified":"2015-09-25T12:38:55","modified_gmt":"2015-09-25T12:38:55","slug":"fiestas-de-las-mercedes-mala-2015-3","status":"publish","type":"post","link":"https:\/\/www.ayuntamientodeharia.com\/haria\/fiestas-de-las-mercedes-mala-2015-3\/","title":{"rendered":"Fiestas de las Mercedes \u2013 Mala 2015"},"content":{"rendered":"<p><a href=\"http:\/\/www.ayuntamientodeharia.com\/haria\/wp-content\/uploads\/2015\/09\/Las-Mercedes.jpg\"><img fetchpriority=\"high\" decoding=\"async\" class=\"alignleft size-medium wp-image-2437\" src=\"http:\/\/www.ayuntamientodeharia.com\/haria\/wp-content\/uploads\/2015\/09\/Las-Mercedes-210x300.jpg\" alt=\"Las Mercedes\" width=\"210\" height=\"300\" srcset=\"https:\/\/www.ayuntamientodeharia.com\/haria\/wp-content\/uploads\/2015\/09\/Las-Mercedes-210x300.jpg 210w, https:\/\/www.ayuntamientodeharia.com\/haria\/wp-content\/uploads\/2015\/09\/Las-Mercedes-717x1024.jpg 717w, https:\/\/www.ayuntamientodeharia.com\/haria\/wp-content\/uploads\/2015\/09\/Las-Mercedes.jpg 1702w\" sizes=\"(max-width: 210px) 100vw, 210px\" \/><\/a><\/p>\n<p><span style=\"text-decoration: underline;\"><strong>Viernes, 25 de septiembre <\/strong><\/span><\/p>\n<p>17:00-21:00 h.: Recogida de dorsales de la cuarta edici\u00f3n de la carrera solidaria \u2018Cochinilla Trail\u2019.<\/p>\n<p>21:30 h.: Pase de modelos de la tienda de ropa Flamingos Vintage Kilo y peinados de Tony Mart\u00ednez Peluqueros, en la Sociedad Renacimiento de Mala.<\/p>\n<p>&nbsp;<\/p>\n<p><span style=\"text-decoration: underline;\"><strong>S\u00e1bado, 26 de septiembre <\/strong><\/span><\/p>\n<p>17:00 h.: Cuarta edici\u00f3n de la carrera solidaria \u2018Cochinilla Trail\u2019.<\/p>\n<p>23:00 h.: Verbena amenizada por los grupos Los Conejeros y Suso y Familia en la Sociedad Renacimiento de Mala.<\/p>\n<p>&nbsp;<\/p>\n<p><span style=\"text-decoration: underline;\"><strong>Domingo, 27 de septiembre <\/strong><\/span><\/p>\n<p>19:00 h.: Fin de fiestas con guateque y picoteo amenizado por el grupo musical Bourbom, en la Sociedad Renacimiento de Mala.<\/p>\n<p>22:00 h.: Fuegos artificiales.<\/p>\n","protected":false},"excerpt":{"rendered":"<p>Viernes, 25 de septiembre 17:00-21:00 h.: Recogida de dorsales de la cuarta edici\u00f3n de la carrera solidaria \u2018Cochinilla Trail\u2019. 21:30 h.: Pase de modelos de la tienda de ropa Flamingos Vintage Kilo y peinados de Tony Mart\u00ednez Peluqueros, en la Sociedad Renacimiento de Mala. &nbsp; S\u00e1bado, 26 de septiembre 17:00 h.: Cuarta edici\u00f3n de la [&hellip;]<\/p>\n","protected":false},"author":2,"featured_media":0,"comment_status":"closed","ping_status":"closed","sticky":false,"template":"","format":"standard","meta":{"footnotes":""},"categories":[15,11],"tags":[],"class_list":["post-2503","post","type-post","status-publish","format-standard","hentry","category-festejos","category-hoja-de-haria"],"_links":{"self":[{"href":"https:\/\/www.ayuntamientodeharia.com\/haria\/wp-json\/wp\/v2\/posts\/2503","targetHints":{"allow":["GET"]}}],"collection":[{"href":"https:\/\/www.ayuntamientodeharia.com\/haria\/wp-json\/wp\/v2\/posts"}],"about":[{"href":"https:\/\/www.ayuntamientodeharia.com\/haria\/wp-json\/wp\/v2\/types\/post"}],"author":[{"embeddable":true,"href":"https:\/\/www.ayuntamientodeharia.com\/haria\/wp-json\/wp\/v2\/users\/2"}],"replies":[{"embeddable":true,"href":"https:\/\/www.ayuntamientodeharia.com\/haria\/wp-json\/wp\/v2\/comments?post=2503"}],"version-history":[{"count":0,"href":"https:\/\/www.ayuntamientodeharia.com\/haria\/wp-json\/wp\/v2\/posts\/2503\/revisions"}],"wp:attachment":[{"href":"https:\/\/www.ayuntamientodeharia.com\/haria\/wp-json\/wp\/v2\/media?parent=2503"}],"wp:term":[{"taxonomy":"category","embeddable":true,"href":"https:\/\/www.ayuntamientodeharia.com\/haria\/wp-json\/wp\/v2\/categories?post=2503"},{"taxonomy":"post_tag","embeddable":true,"href":"https:\/\/www.ayuntamientodeharia.com\/haria\/wp-json\/wp\/v2\/tags?post=2503"}],"curies":[{"name":"wp","href":"https:\/\/api.w.org\/{rel}","templated":true}]}}