{"id":2497,"date":"2015-09-25T12:29:45","date_gmt":"2015-09-25T12:29:45","guid":{"rendered":"http:\/\/www.ayuntamientodeharia.com\/haria\/?p=2497"},"modified":"2015-09-25T12:40:50","modified_gmt":"2015-09-25T12:40:50","slug":"excursion-a-la-feria-de-los-dolores-3","status":"publish","type":"post","link":"https:\/\/www.ayuntamientodeharia.com\/haria\/excursion-a-la-feria-de-los-dolores-3\/","title":{"rendered":"Excursi\u00f3n a la Feria de Los Dolores"},"content":{"rendered":"<p><a href=\"http:\/\/www.ayuntamientodeharia.com\/haria\/wp-content\/uploads\/2015\/09\/paseo-a-dolores.jpg\"><img decoding=\"async\" class=\"alignleft size-medium wp-image-2482\" src=\"http:\/\/www.ayuntamientodeharia.com\/haria\/wp-content\/uploads\/2015\/09\/paseo-a-dolores-300x103.jpg\" alt=\"paseo a dolores\" width=\"300\" height=\"103\" srcset=\"https:\/\/www.ayuntamientodeharia.com\/haria\/wp-content\/uploads\/2015\/09\/paseo-a-dolores-300x103.jpg 300w, https:\/\/www.ayuntamientodeharia.com\/haria\/wp-content\/uploads\/2015\/09\/paseo-a-dolores-1024x351.jpg 1024w, https:\/\/www.ayuntamientodeharia.com\/haria\/wp-content\/uploads\/2015\/09\/paseo-a-dolores.jpg 1176w\" sizes=\"(max-width: 300px) 100vw, 300px\" \/><\/a>Como viene siendo tradicional, la Concejal\u00eda de la Tercera Edad organiz\u00f3 una excursi\u00f3n a la Feria de Los Dolores, en Macha Blanca, donde los mayores pudieron disfrutar de una jornada festiva y visitar los distintos puestos de artesan\u00eda.<\/p>\n","protected":false},"excerpt":{"rendered":"<p>Como viene siendo tradicional, la Concejal\u00eda de la Tercera Edad organiz\u00f3 una excursi\u00f3n a la Feria de Los Dolores, en Macha Blanca, donde los mayores pudieron disfrutar de una jornada festiva y visitar los distintos puestos de artesan\u00eda.<\/p>\n","protected":false},"author":2,"featured_media":0,"comment_status":"closed","ping_status":"closed","sticky":false,"template":"","format":"standard","meta":{"footnotes":""},"categories":[11,61],"tags":[],"class_list":["post-2497","post","type-post","status-publish","format-standard","hentry","category-hoja-de-haria","category-tercera-edad"],"_links":{"self":[{"href":"https:\/\/www.ayuntamientodeharia.com\/haria\/wp-json\/wp\/v2\/posts\/2497","targetHints":{"allow":["GET"]}}],"collection":[{"href":"https:\/\/www.ayuntamientodeharia.com\/haria\/wp-json\/wp\/v2\/posts"}],"about":[{"href":"https:\/\/www.ayuntamientodeharia.com\/haria\/wp-json\/wp\/v2\/types\/post"}],"author":[{"embeddable":true,"href":"https:\/\/www.ayuntamientodeharia.com\/haria\/wp-json\/wp\/v2\/users\/2"}],"replies":[{"embeddable":true,"href":"https:\/\/www.ayuntamientodeharia.com\/haria\/wp-json\/wp\/v2\/comments?post=2497"}],"version-history":[{"count":0,"href":"https:\/\/www.ayuntamientodeharia.com\/haria\/wp-json\/wp\/v2\/posts\/2497\/revisions"}],"wp:attachment":[{"href":"https:\/\/www.ayuntamientodeharia.com\/haria\/wp-json\/wp\/v2\/media?parent=2497"}],"wp:term":[{"taxonomy":"category","embeddable":true,"href":"https:\/\/www.ayuntamientodeharia.com\/haria\/wp-json\/wp\/v2\/categories?post=2497"},{"taxonomy":"post_tag","embeddable":true,"href":"https:\/\/www.ayuntamientodeharia.com\/haria\/wp-json\/wp\/v2\/tags?post=2497"}],"curies":[{"name":"wp","href":"https:\/\/api.w.org\/{rel}","templated":true}]}}