{"id":24963,"date":"2023-02-24T14:16:35","date_gmt":"2023-02-24T14:16:35","guid":{"rendered":"https:\/\/www.ayuntamientodeharia.com\/haria\/?p=24963"},"modified":"2023-02-24T14:16:35","modified_gmt":"2023-02-24T14:16:35","slug":"alvaro-de-luna-actuara-en-los-carnavales-de-haria","status":"publish","type":"post","link":"https:\/\/www.ayuntamientodeharia.com\/haria\/alvaro-de-luna-actuara-en-los-carnavales-de-haria\/","title":{"rendered":"\u00c1lvaro de Luna actuar\u00e1 en los Carnavales de Har\u00eda"},"content":{"rendered":"<p>El Ayuntamiento de Har\u00eda anuncia que el cantante \u00c1lvaro de Luna protagonizar\u00e1 una estelar actuaci\u00f3n en los Carnavales de este a\u00f1o.<\/p>\n<p>El reconocido int\u00e9rprete deleitar\u00e1 la Plaza de Har\u00eda el pr\u00f3ximo 10 de marzo, a las 21:00 horas, con canciones como \u2018Juramento eterno de sal\u2019 o \u2018Llueve sobre mojado\u2019, en una apuesta del grupo de Gobierno por mostrar a vecinos y vecinas lo mejor del mundo de la m\u00fasica, estableciendo un perfecto equilibrio entre la disponibilidad econ\u00f3mica y la calidad exigida.<\/p>\n<p>La alcaldesa de Har\u00eda, Evelia Garc\u00eda, remarc\u00f3 la importancia de contar con una actuaci\u00f3n de este calibre en los Carnavales del municipio y agradeci\u00f3 la colaboraci\u00f3n de los CACT Lanzarote \u201cpor ayudar a que el esplendor de estas fiestas se extienda m\u00e1s all\u00e1 de nuestras fronteras\u201d.<\/p>\n<p>\u201cLos Carnavales de Har\u00eda se han convertido con el paso del tiempo en una de las citas obligatorias en el mundo de las carnestolendas. El grupo de Gobierno apuesta por la m\u00fasica de calidad con la protecci\u00f3n y realce de nuestra gente. Por ello, junto a cantantes de primer nivel, actuar\u00e1n grupos que de una u otra forma est\u00e1n vinculados al municipio\u201d, resalt\u00f3 Garc\u00eda.<\/p>\n<p>Junto a De Luna, \u2018Los Lolas\u2019 nos acompa\u00f1ar\u00e1n en dos noches inolvidables, mientras que las verbenas estar\u00e1n amenizadas por \u2018Banda Nueva\u2019, \u2018Mambo Latino\u2019 y \u2018Los Conejeros\u2019.<\/p>\n<p>Por otra parte, adem\u00e1s de la actuaci\u00f3n estelar prevista, la alcaldesa destac\u00f3 la creaci\u00f3n de la I Edici\u00f3n Premios Se\u00f1or Te\u00f3filo \u2018El Lotero\u2019, que premiar\u00e1 al mejor disfraz individual, de pareja y grupo, \u201cen honor a un personaje entra\u00f1able del mundo carnavalero que constituye no solo un reconocimiento, sino tambi\u00e9n un acicate para aquellos que ven los carnavales m\u00e1s all\u00e1 de una mera diversi\u00f3n\u201d.<\/p>\n<p>Desde el Ayuntamiento, les invitamos a todos y a todas a disfrutar de los Carnavales de Har\u00eda en una nueva edici\u00f3n especial.<\/p>\n","protected":false},"excerpt":{"rendered":"<p>El Ayuntamiento de Har\u00eda anuncia que el cantante \u00c1lvaro de Luna protagonizar\u00e1 una estelar actuaci\u00f3n en los Carnavales de este a\u00f1o. El reconocido int\u00e9rprete deleitar\u00e1 la Plaza de Har\u00eda el pr\u00f3ximo 10 de marzo, a las 21:00 horas, con canciones como \u2018Juramento eterno de sal\u2019 o \u2018Llueve sobre mojado\u2019, en una apuesta del grupo de [&hellip;]<\/p>\n","protected":false},"author":13,"featured_media":24964,"comment_status":"closed","ping_status":"closed","sticky":false,"template":"","format":"standard","meta":{"footnotes":""},"categories":[73,425,15,11],"tags":[],"class_list":["post-24963","post","type-post","status-publish","format-standard","has-post-thumbnail","hentry","category-alcaldia","category-destacado","category-festejos","category-hoja-de-haria"],"_links":{"self":[{"href":"https:\/\/www.ayuntamientodeharia.com\/haria\/wp-json\/wp\/v2\/posts\/24963","targetHints":{"allow":["GET"]}}],"collection":[{"href":"https:\/\/www.ayuntamientodeharia.com\/haria\/wp-json\/wp\/v2\/posts"}],"about":[{"href":"https:\/\/www.ayuntamientodeharia.com\/haria\/wp-json\/wp\/v2\/types\/post"}],"author":[{"embeddable":true,"href":"https:\/\/www.ayuntamientodeharia.com\/haria\/wp-json\/wp\/v2\/users\/13"}],"replies":[{"embeddable":true,"href":"https:\/\/www.ayuntamientodeharia.com\/haria\/wp-json\/wp\/v2\/comments?post=24963"}],"version-history":[{"count":1,"href":"https:\/\/www.ayuntamientodeharia.com\/haria\/wp-json\/wp\/v2\/posts\/24963\/revisions"}],"predecessor-version":[{"id":24965,"href":"https:\/\/www.ayuntamientodeharia.com\/haria\/wp-json\/wp\/v2\/posts\/24963\/revisions\/24965"}],"wp:featuredmedia":[{"embeddable":true,"href":"https:\/\/www.ayuntamientodeharia.com\/haria\/wp-json\/wp\/v2\/media\/24964"}],"wp:attachment":[{"href":"https:\/\/www.ayuntamientodeharia.com\/haria\/wp-json\/wp\/v2\/media?parent=24963"}],"wp:term":[{"taxonomy":"category","embeddable":true,"href":"https:\/\/www.ayuntamientodeharia.com\/haria\/wp-json\/wp\/v2\/categories?post=24963"},{"taxonomy":"post_tag","embeddable":true,"href":"https:\/\/www.ayuntamientodeharia.com\/haria\/wp-json\/wp\/v2\/tags?post=24963"}],"curies":[{"name":"wp","href":"https:\/\/api.w.org\/{rel}","templated":true}]}}