{"id":24960,"date":"2023-02-24T14:15:51","date_gmt":"2023-02-24T14:15:51","guid":{"rendered":"https:\/\/www.ayuntamientodeharia.com\/haria\/?p=24960"},"modified":"2023-02-24T14:15:51","modified_gmt":"2023-02-24T14:15:51","slug":"el-ayuntamiento-impulsa-el-programa-de-participacion-familiar-en-centros-docentes-educar-en-familia","status":"publish","type":"post","link":"https:\/\/www.ayuntamientodeharia.com\/haria\/el-ayuntamiento-impulsa-el-programa-de-participacion-familiar-en-centros-docentes-educar-en-familia\/","title":{"rendered":"El Ayuntamiento impulsa el programa de participaci\u00f3n familiar en centros docentes \u2018Educar en Familia\u2019"},"content":{"rendered":"<p>El Ayuntamiento de Har\u00eda, a trav\u00e9s del proyecto EducHar\u00eda, impulsa el programa de participaci\u00f3n familiar en centros docentes \u2018Educar en familia\u2019. Esta iniciativa, promovida por la Consejer\u00eda de Educaci\u00f3n del Gobierno de Canarias, pretende aportar herramientas pr\u00e1cticas a las personas asistentes sobre afrontamiento, resiliencia, prevenci\u00f3n y detecci\u00f3n, riesgos y protecci\u00f3n, resoluci\u00f3n de problemas aplicables al contexto personal, familiar o relacional.<\/p>\n<p>\u2018Educar en familia\u2019 pretende generar un espacio de seguridad y comunicaci\u00f3n para compartir inquietudes relacionadas con la educaci\u00f3n, ofrecer pautas a padres y madres para ayudar a la educaci\u00f3n de sus hijos e hijas y aumentar la confianza y seguridad de padres y madres y o tutores y tutoras.<\/p>\n<p>Este programa supone el desarrollo de acciones que impulsan la corresponsabilidad en la educaci\u00f3n y la participaci\u00f3n familiar en los centros docentes, estableciendo un conjunto de redes comunitarias de participaci\u00f3n y cooperaci\u00f3n que, con el reto de alcanzar una educaci\u00f3n de calidad, equitativa, compensadora de desigualdades y generadora de \u00e9xito, nos ha ido permitiendo integrar las aportaciones de todos los agentes de la comunidad.<\/p>\n<p>El proyecto constar\u00e1 de tres jornadas, que se repartir\u00e1n durante el mes del marzo entre el d\u00eda 7 y el 21. Los talleres y encuentros versar\u00e1n acerca de la salud y la emoci\u00f3n (7 de marzo, 17:00-19:00 horas, IES Har\u00eda), la gesti\u00f3n de las emociones (13 de marzo, 17:00-19:00 horas, CEIP La Garita) y la educaci\u00f3n en la era digital (21 de marzo, 17:00-19:00 horas, Sala El Aljibe). Los tres ser\u00e1n impartidos por Lorena Afonso.<\/p>\n<p>Para obtener m\u00e1s informaci\u00f3n sobre la iniciativa, contactar con la Concejal\u00eda de Educaci\u00f3n del Ayuntamiento de Har\u00eda. La asistencia a los talleres ser\u00e1 certificada y habr\u00e1 servicio de conciliaci\u00f3n familiar durante la formaci\u00f3n.<\/p>\n","protected":false},"excerpt":{"rendered":"<p>El Ayuntamiento de Har\u00eda, a trav\u00e9s del proyecto EducHar\u00eda, impulsa el programa de participaci\u00f3n familiar en centros docentes \u2018Educar en familia\u2019. Esta iniciativa, promovida por la Consejer\u00eda de Educaci\u00f3n del Gobierno de Canarias, pretende aportar herramientas pr\u00e1cticas a las personas asistentes sobre afrontamiento, resiliencia, prevenci\u00f3n y detecci\u00f3n, riesgos y protecci\u00f3n, resoluci\u00f3n de problemas aplicables al [&hellip;]<\/p>\n","protected":false},"author":13,"featured_media":24961,"comment_status":"closed","ping_status":"closed","sticky":false,"template":"","format":"standard","meta":{"footnotes":""},"categories":[19,11],"tags":[],"class_list":["post-24960","post","type-post","status-publish","format-standard","has-post-thumbnail","hentry","category-formacion","category-hoja-de-haria"],"_links":{"self":[{"href":"https:\/\/www.ayuntamientodeharia.com\/haria\/wp-json\/wp\/v2\/posts\/24960","targetHints":{"allow":["GET"]}}],"collection":[{"href":"https:\/\/www.ayuntamientodeharia.com\/haria\/wp-json\/wp\/v2\/posts"}],"about":[{"href":"https:\/\/www.ayuntamientodeharia.com\/haria\/wp-json\/wp\/v2\/types\/post"}],"author":[{"embeddable":true,"href":"https:\/\/www.ayuntamientodeharia.com\/haria\/wp-json\/wp\/v2\/users\/13"}],"replies":[{"embeddable":true,"href":"https:\/\/www.ayuntamientodeharia.com\/haria\/wp-json\/wp\/v2\/comments?post=24960"}],"version-history":[{"count":1,"href":"https:\/\/www.ayuntamientodeharia.com\/haria\/wp-json\/wp\/v2\/posts\/24960\/revisions"}],"predecessor-version":[{"id":24962,"href":"https:\/\/www.ayuntamientodeharia.com\/haria\/wp-json\/wp\/v2\/posts\/24960\/revisions\/24962"}],"wp:featuredmedia":[{"embeddable":true,"href":"https:\/\/www.ayuntamientodeharia.com\/haria\/wp-json\/wp\/v2\/media\/24961"}],"wp:attachment":[{"href":"https:\/\/www.ayuntamientodeharia.com\/haria\/wp-json\/wp\/v2\/media?parent=24960"}],"wp:term":[{"taxonomy":"category","embeddable":true,"href":"https:\/\/www.ayuntamientodeharia.com\/haria\/wp-json\/wp\/v2\/categories?post=24960"},{"taxonomy":"post_tag","embeddable":true,"href":"https:\/\/www.ayuntamientodeharia.com\/haria\/wp-json\/wp\/v2\/tags?post=24960"}],"curies":[{"name":"wp","href":"https:\/\/api.w.org\/{rel}","templated":true}]}}