{"id":24954,"date":"2023-02-24T14:14:12","date_gmt":"2023-02-24T14:14:12","guid":{"rendered":"https:\/\/www.ayuntamientodeharia.com\/haria\/?p=24954"},"modified":"2023-02-24T14:14:12","modified_gmt":"2023-02-24T14:14:12","slug":"los-jameos-del-agua-acogen-la-presentacion-del-libro-cesar-manrique-y-haria-el-artista-y-la-belleza-del-lugar","status":"publish","type":"post","link":"https:\/\/www.ayuntamientodeharia.com\/haria\/los-jameos-del-agua-acogen-la-presentacion-del-libro-cesar-manrique-y-haria-el-artista-y-la-belleza-del-lugar\/","title":{"rendered":"Los Jameos del Agua acogen la presentaci\u00f3n del libro \u2018C\u00e9sar Manrique y Har\u00eda. El artista y la belleza del lugar\u2019"},"content":{"rendered":"<p>El Auditorio de los Jameos del Agua acoger\u00e1n el pr\u00f3ximo viernes, 3 de marzo, a las 20:00 horas, la presentaci\u00f3n del libro \u2018C\u00e9sar Manrique y Har\u00eda. El artista y la belleza del lugar\u2019. Este es una obra del catedr\u00e1tico de Historia del Arte de la Universidad de La Lagua, Francisco Galante.<\/p>\n<p>La edici\u00f3n del libro ha sido impulsada por el Ayuntamiento de Har\u00eda y por la Universidad de La Laguna (C\u00e1tedra Cultural C\u00e9sar Manrique), contando adem\u00e1s con el patrocinio de los Centro de Arte, Cultura y Turismo del Cabildo de Lanzarote.<\/p>\n<p>Las personas residentes en el municipio que deseen asistir al acto deber\u00e1n llamar al Ayuntamiento de Har\u00eda antes del 1 de marzo.<\/p>\n","protected":false},"excerpt":{"rendered":"<p>El Auditorio de los Jameos del Agua acoger\u00e1n el pr\u00f3ximo viernes, 3 de marzo, a las 20:00 horas, la presentaci\u00f3n del libro \u2018C\u00e9sar Manrique y Har\u00eda. El artista y la belleza del lugar\u2019. Este es una obra del catedr\u00e1tico de Historia del Arte de la Universidad de La Lagua, Francisco Galante. La edici\u00f3n del libro [&hellip;]<\/p>\n","protected":false},"author":13,"featured_media":24955,"comment_status":"closed","ping_status":"closed","sticky":false,"template":"","format":"standard","meta":{"footnotes":""},"categories":[32,11],"tags":[],"class_list":["post-24954","post","type-post","status-publish","format-standard","has-post-thumbnail","hentry","category-anuncios","category-hoja-de-haria"],"_links":{"self":[{"href":"https:\/\/www.ayuntamientodeharia.com\/haria\/wp-json\/wp\/v2\/posts\/24954","targetHints":{"allow":["GET"]}}],"collection":[{"href":"https:\/\/www.ayuntamientodeharia.com\/haria\/wp-json\/wp\/v2\/posts"}],"about":[{"href":"https:\/\/www.ayuntamientodeharia.com\/haria\/wp-json\/wp\/v2\/types\/post"}],"author":[{"embeddable":true,"href":"https:\/\/www.ayuntamientodeharia.com\/haria\/wp-json\/wp\/v2\/users\/13"}],"replies":[{"embeddable":true,"href":"https:\/\/www.ayuntamientodeharia.com\/haria\/wp-json\/wp\/v2\/comments?post=24954"}],"version-history":[{"count":1,"href":"https:\/\/www.ayuntamientodeharia.com\/haria\/wp-json\/wp\/v2\/posts\/24954\/revisions"}],"predecessor-version":[{"id":24956,"href":"https:\/\/www.ayuntamientodeharia.com\/haria\/wp-json\/wp\/v2\/posts\/24954\/revisions\/24956"}],"wp:featuredmedia":[{"embeddable":true,"href":"https:\/\/www.ayuntamientodeharia.com\/haria\/wp-json\/wp\/v2\/media\/24955"}],"wp:attachment":[{"href":"https:\/\/www.ayuntamientodeharia.com\/haria\/wp-json\/wp\/v2\/media?parent=24954"}],"wp:term":[{"taxonomy":"category","embeddable":true,"href":"https:\/\/www.ayuntamientodeharia.com\/haria\/wp-json\/wp\/v2\/categories?post=24954"},{"taxonomy":"post_tag","embeddable":true,"href":"https:\/\/www.ayuntamientodeharia.com\/haria\/wp-json\/wp\/v2\/tags?post=24954"}],"curies":[{"name":"wp","href":"https:\/\/api.w.org\/{rel}","templated":true}]}}