{"id":24948,"date":"2023-02-24T14:12:35","date_gmt":"2023-02-24T14:12:35","guid":{"rendered":"https:\/\/www.ayuntamientodeharia.com\/haria\/?p=24948"},"modified":"2023-02-24T14:12:35","modified_gmt":"2023-02-24T14:12:35","slug":"cientos-de-personas-disfrutan-del-evento-que-une-cultura-y-sector-primario-cultiv-arte","status":"publish","type":"post","link":"https:\/\/www.ayuntamientodeharia.com\/haria\/cientos-de-personas-disfrutan-del-evento-que-une-cultura-y-sector-primario-cultiv-arte\/","title":{"rendered":"Cientos de personas disfrutan del evento que une cultura y sector primario, \u2018Cultiv-arte\u2019"},"content":{"rendered":"<p>El Ayuntamiento de Har\u00eda, en colaboraci\u00f3n con el \u00e1rea de Gobierno Abierto del Cabildo de Lanzarote, celebr\u00f3 un evento para fomentar la participaci\u00f3n ciudadana y crear un v\u00ednculo entre cultura y sector primario bajo el nombre de \u2018Cultiv-arte\u2019. Cientos de personas disfrutaron de esta exposici\u00f3n art\u00edstica acogida por la Sala El Aljibe de Har\u00eda y el Centro Sociocultural \u2018La Tegala\u2019.<\/p>\n<p>La iniciativa se desarroll\u00f3 los d\u00edas 17 y 18 de febrero y cont\u00f3 con la participaci\u00f3n de la alcaldesa de Har\u00eda, Evelia Garc\u00eda, del consejero de Gobierno Abierto, Jorge Pe\u00f1as. Asimismo, en el marco de \u2018Cultiv-arte\u2019, se celebraron dos mesas redondas protagonizadas por personalidades del arte y de la cultura de Lanzarote, as\u00ed como de artesanos, artistas y personas vinculadas a la agricultora.<\/p>\n<p>La alcaldesa agradeci\u00f3 la asistencia del p\u00fablico y de los ponentes, \u201cquienes dieron a conocer la perspectiva m\u00e1s profesional de dos sectores fundamentales para el desarrollo de la Isla, demostrando la perfecta uni\u00f3n entre ambos\u201d.<\/p>\n<p>La influencia que ha ejercido el pensamiento y la obra de C\u00e9sar Manrique en los trabajadores del sector primario y en los artistas de la isla, la creaci\u00f3n artesanal y la preocupaci\u00f3n por el medioambiente y la protecci\u00f3n del patrimonio fueron algunos de los temas que se trataron en la primera de las mesas redondas. Por otra parte, el arte, la ecolog\u00eda y la econom\u00eda circular fueron los temas que centraron la segunda mesa redonda.<\/p>\n<p>El catedr\u00e1tico de Historia del Arte en la Universidad de la Laguna y profesor en la Universidad de Lovaina,\u00a0Francisco Galante; la artista pl\u00e1stica Ana Beltr\u00e1; el artista multidisciplinar Ildefonso Aguilar; el consejero de Gobierno Abierto del Cabildo de Lanzarote, Jorge Pe\u00f1as, y la artesana Rosa Betancor fueron los protagonistas de la primera mesa redonda, titulada \u2018La influencia del arte y la cultura en la percepci\u00f3n y relaci\u00f3n con la naturaleza: el caso de Lanzarote\u2019.<\/p>\n<p>De la misma forma, la segunda mesa redonda cont\u00f3 con la opini\u00f3n experta de la ambient\u00f3loga Marila Sosa; del fot\u00f3grafo y editor Rub\u00e9n Acosta; de la arquitecta Blanca Fajardo; del t\u00e9cnico de Medio Ambiente del Cabildo de Lanzarote, Francisco Fabelo; del artista y fot\u00f3grafo Gerson D\u00edaz, y de la artesana Rosa Betancor.<\/p>\n","protected":false},"excerpt":{"rendered":"<p>El Ayuntamiento de Har\u00eda, en colaboraci\u00f3n con el \u00e1rea de Gobierno Abierto del Cabildo de Lanzarote, celebr\u00f3 un evento para fomentar la participaci\u00f3n ciudadana y crear un v\u00ednculo entre cultura y sector primario bajo el nombre de \u2018Cultiv-arte\u2019. Cientos de personas disfrutaron de esta exposici\u00f3n art\u00edstica acogida por la Sala El Aljibe de Har\u00eda y [&hellip;]<\/p>\n","protected":false},"author":13,"featured_media":24949,"comment_status":"closed","ping_status":"closed","sticky":false,"template":"","format":"standard","meta":{"footnotes":""},"categories":[73,16,425,11],"tags":[],"class_list":["post-24948","post","type-post","status-publish","format-standard","has-post-thumbnail","hentry","category-alcaldia","category-cultura","category-destacado","category-hoja-de-haria"],"_links":{"self":[{"href":"https:\/\/www.ayuntamientodeharia.com\/haria\/wp-json\/wp\/v2\/posts\/24948","targetHints":{"allow":["GET"]}}],"collection":[{"href":"https:\/\/www.ayuntamientodeharia.com\/haria\/wp-json\/wp\/v2\/posts"}],"about":[{"href":"https:\/\/www.ayuntamientodeharia.com\/haria\/wp-json\/wp\/v2\/types\/post"}],"author":[{"embeddable":true,"href":"https:\/\/www.ayuntamientodeharia.com\/haria\/wp-json\/wp\/v2\/users\/13"}],"replies":[{"embeddable":true,"href":"https:\/\/www.ayuntamientodeharia.com\/haria\/wp-json\/wp\/v2\/comments?post=24948"}],"version-history":[{"count":1,"href":"https:\/\/www.ayuntamientodeharia.com\/haria\/wp-json\/wp\/v2\/posts\/24948\/revisions"}],"predecessor-version":[{"id":24950,"href":"https:\/\/www.ayuntamientodeharia.com\/haria\/wp-json\/wp\/v2\/posts\/24948\/revisions\/24950"}],"wp:featuredmedia":[{"embeddable":true,"href":"https:\/\/www.ayuntamientodeharia.com\/haria\/wp-json\/wp\/v2\/media\/24949"}],"wp:attachment":[{"href":"https:\/\/www.ayuntamientodeharia.com\/haria\/wp-json\/wp\/v2\/media?parent=24948"}],"wp:term":[{"taxonomy":"category","embeddable":true,"href":"https:\/\/www.ayuntamientodeharia.com\/haria\/wp-json\/wp\/v2\/categories?post=24948"},{"taxonomy":"post_tag","embeddable":true,"href":"https:\/\/www.ayuntamientodeharia.com\/haria\/wp-json\/wp\/v2\/tags?post=24948"}],"curies":[{"name":"wp","href":"https:\/\/api.w.org\/{rel}","templated":true}]}}