{"id":24944,"date":"2023-02-24T14:08:46","date_gmt":"2023-02-24T14:08:46","guid":{"rendered":"https:\/\/www.ayuntamientodeharia.com\/haria\/?p=24944"},"modified":"2023-02-24T14:08:46","modified_gmt":"2023-02-24T14:08:46","slug":"los-jameos-del-agua-acogeran-la-primera-edicion-de-los-premios-de-arquitectura-de-lanzarote-y-premios-de-rehabilitacion-de-arquitectura-de-lanzarote","status":"publish","type":"post","link":"https:\/\/www.ayuntamientodeharia.com\/haria\/los-jameos-del-agua-acogeran-la-primera-edicion-de-los-premios-de-arquitectura-de-lanzarote-y-premios-de-rehabilitacion-de-arquitectura-de-lanzarote\/","title":{"rendered":"Los Jameos del Agua acoger\u00e1n la primera edici\u00f3n de los \u2018Premios de Arquitectura de Lanzarote\u2019 y \u2018Premios de Rehabilitaci\u00f3n de Arquitectura de Lanzarote\u2019"},"content":{"rendered":"<p>El Colegio de Arquitectos de Lanzarote y el Cabildo de Lanzarote entregar\u00e1n el pr\u00f3ximo 23 de marzo en los Jameos del Agua los \u2018Premios de Arquitectura de Lanzarote\u2019 y \u2018Premios de Rehabilitaci\u00f3n de Arquitectura de Lanzarote\u2019. En su primera edici\u00f3n, el evento comenzar\u00e1 a partir de las 20:00 horas.<\/p>\n<p><img fetchpriority=\"high\" decoding=\"async\" class=\"alignnone size-medium wp-image-24946\" src=\"https:\/\/www.ayuntamientodeharia.com\/haria\/wp-content\/uploads\/2023\/02\/Cartel_Premios1-450x450.jpg\" alt=\"\" width=\"450\" height=\"450\" srcset=\"https:\/\/www.ayuntamientodeharia.com\/haria\/wp-content\/uploads\/2023\/02\/Cartel_Premios1-450x450.jpg 450w, https:\/\/www.ayuntamientodeharia.com\/haria\/wp-content\/uploads\/2023\/02\/Cartel_Premios1-150x150.jpg 150w, https:\/\/www.ayuntamientodeharia.com\/haria\/wp-content\/uploads\/2023\/02\/Cartel_Premios1-112x112.jpg 112w, https:\/\/www.ayuntamientodeharia.com\/haria\/wp-content\/uploads\/2023\/02\/Cartel_Premios1.jpg 768w\" sizes=\"(max-width: 450px) 100vw, 450px\" \/><\/p>\n<p>Desde el Ayuntamiento de Har\u00eda, invitamos a los vecinos y vecinas a asistir al acto en uno de los espacios m\u00e1s privilegiados de la Isla. El acceso es libre hasta completar aforo. Para ello, deber\u00e1n confirmar asistencia antes del 10 de marzo, llamando al tel\u00e9fono del Colegio de Arquitectos, 928800369, o enviando un correo a <a href=\"mailto:dpto_secretaria@coa-lz.com\">dpto_secretaria@coa-lz.com<\/a>.<\/p>\n","protected":false},"excerpt":{"rendered":"<p>El Colegio de Arquitectos de Lanzarote y el Cabildo de Lanzarote entregar\u00e1n el pr\u00f3ximo 23 de marzo en los Jameos del Agua los \u2018Premios de Arquitectura de Lanzarote\u2019 y \u2018Premios de Rehabilitaci\u00f3n de Arquitectura de Lanzarote\u2019. En su primera edici\u00f3n, el evento comenzar\u00e1 a partir de las 20:00 horas. Desde el Ayuntamiento de Har\u00eda, invitamos [&hellip;]<\/p>\n","protected":false},"author":13,"featured_media":24945,"comment_status":"closed","ping_status":"closed","sticky":false,"template":"","format":"standard","meta":{"footnotes":""},"categories":[32,11],"tags":[],"class_list":["post-24944","post","type-post","status-publish","format-standard","has-post-thumbnail","hentry","category-anuncios","category-hoja-de-haria"],"_links":{"self":[{"href":"https:\/\/www.ayuntamientodeharia.com\/haria\/wp-json\/wp\/v2\/posts\/24944","targetHints":{"allow":["GET"]}}],"collection":[{"href":"https:\/\/www.ayuntamientodeharia.com\/haria\/wp-json\/wp\/v2\/posts"}],"about":[{"href":"https:\/\/www.ayuntamientodeharia.com\/haria\/wp-json\/wp\/v2\/types\/post"}],"author":[{"embeddable":true,"href":"https:\/\/www.ayuntamientodeharia.com\/haria\/wp-json\/wp\/v2\/users\/13"}],"replies":[{"embeddable":true,"href":"https:\/\/www.ayuntamientodeharia.com\/haria\/wp-json\/wp\/v2\/comments?post=24944"}],"version-history":[{"count":1,"href":"https:\/\/www.ayuntamientodeharia.com\/haria\/wp-json\/wp\/v2\/posts\/24944\/revisions"}],"predecessor-version":[{"id":24947,"href":"https:\/\/www.ayuntamientodeharia.com\/haria\/wp-json\/wp\/v2\/posts\/24944\/revisions\/24947"}],"wp:featuredmedia":[{"embeddable":true,"href":"https:\/\/www.ayuntamientodeharia.com\/haria\/wp-json\/wp\/v2\/media\/24945"}],"wp:attachment":[{"href":"https:\/\/www.ayuntamientodeharia.com\/haria\/wp-json\/wp\/v2\/media?parent=24944"}],"wp:term":[{"taxonomy":"category","embeddable":true,"href":"https:\/\/www.ayuntamientodeharia.com\/haria\/wp-json\/wp\/v2\/categories?post=24944"},{"taxonomy":"post_tag","embeddable":true,"href":"https:\/\/www.ayuntamientodeharia.com\/haria\/wp-json\/wp\/v2\/tags?post=24944"}],"curies":[{"name":"wp","href":"https:\/\/api.w.org\/{rel}","templated":true}]}}