{"id":24941,"date":"2023-02-24T14:07:52","date_gmt":"2023-02-24T14:07:52","guid":{"rendered":"https:\/\/www.ayuntamientodeharia.com\/haria\/?p=24941"},"modified":"2023-02-24T14:07:52","modified_gmt":"2023-02-24T14:07:52","slug":"el-ayuntamiento-lleva-a-cabo-el-cambio-del-pavimento-del-mercado-de-abastos-de-haria","status":"publish","type":"post","link":"https:\/\/www.ayuntamientodeharia.com\/haria\/el-ayuntamiento-lleva-a-cabo-el-cambio-del-pavimento-del-mercado-de-abastos-de-haria\/","title":{"rendered":"El Ayuntamiento lleva a cabo el cambio del pavimento del Mercado de Abastos de Har\u00eda"},"content":{"rendered":"<p>El Ayuntamiento de Har\u00eda est\u00e1 llevando a cabo obras para cambiar el pavimento del Mercado de Abastos. Estas actuaciones responden a las demandas de la poblaci\u00f3n y al deficiente estado en el que se encontraba esta parte de las instalaciones.<\/p>\n<p>Desde el Consistorio, rogamos sepan disculpar las molestias ocasionadas por las obras.<\/p>\n","protected":false},"excerpt":{"rendered":"<p>El Ayuntamiento de Har\u00eda est\u00e1 llevando a cabo obras para cambiar el pavimento del Mercado de Abastos. Estas actuaciones responden a las demandas de la poblaci\u00f3n y al deficiente estado en el que se encontraba esta parte de las instalaciones. Desde el Consistorio, rogamos sepan disculpar las molestias ocasionadas por las obras.<\/p>\n","protected":false},"author":13,"featured_media":24942,"comment_status":"closed","ping_status":"closed","sticky":false,"template":"","format":"standard","meta":{"footnotes":""},"categories":[32,11],"tags":[],"class_list":["post-24941","post","type-post","status-publish","format-standard","has-post-thumbnail","hentry","category-anuncios","category-hoja-de-haria"],"_links":{"self":[{"href":"https:\/\/www.ayuntamientodeharia.com\/haria\/wp-json\/wp\/v2\/posts\/24941","targetHints":{"allow":["GET"]}}],"collection":[{"href":"https:\/\/www.ayuntamientodeharia.com\/haria\/wp-json\/wp\/v2\/posts"}],"about":[{"href":"https:\/\/www.ayuntamientodeharia.com\/haria\/wp-json\/wp\/v2\/types\/post"}],"author":[{"embeddable":true,"href":"https:\/\/www.ayuntamientodeharia.com\/haria\/wp-json\/wp\/v2\/users\/13"}],"replies":[{"embeddable":true,"href":"https:\/\/www.ayuntamientodeharia.com\/haria\/wp-json\/wp\/v2\/comments?post=24941"}],"version-history":[{"count":1,"href":"https:\/\/www.ayuntamientodeharia.com\/haria\/wp-json\/wp\/v2\/posts\/24941\/revisions"}],"predecessor-version":[{"id":24943,"href":"https:\/\/www.ayuntamientodeharia.com\/haria\/wp-json\/wp\/v2\/posts\/24941\/revisions\/24943"}],"wp:featuredmedia":[{"embeddable":true,"href":"https:\/\/www.ayuntamientodeharia.com\/haria\/wp-json\/wp\/v2\/media\/24942"}],"wp:attachment":[{"href":"https:\/\/www.ayuntamientodeharia.com\/haria\/wp-json\/wp\/v2\/media?parent=24941"}],"wp:term":[{"taxonomy":"category","embeddable":true,"href":"https:\/\/www.ayuntamientodeharia.com\/haria\/wp-json\/wp\/v2\/categories?post=24941"},{"taxonomy":"post_tag","embeddable":true,"href":"https:\/\/www.ayuntamientodeharia.com\/haria\/wp-json\/wp\/v2\/tags?post=24941"}],"curies":[{"name":"wp","href":"https:\/\/api.w.org\/{rel}","templated":true}]}}