{"id":24910,"date":"2023-02-17T15:12:27","date_gmt":"2023-02-17T15:12:27","guid":{"rendered":"https:\/\/www.ayuntamientodeharia.com\/haria\/?p=24910"},"modified":"2023-02-17T15:12:27","modified_gmt":"2023-02-17T15:12:27","slug":"la-casa-del-cura-se-convertira-en-el-centro-de-la-artesania-de-lanzarote","status":"publish","type":"post","link":"https:\/\/www.ayuntamientodeharia.com\/haria\/la-casa-del-cura-se-convertira-en-el-centro-de-la-artesania-de-lanzarote\/","title":{"rendered":"La \u2018Casa del Cura\u2019 se convertir\u00e1 en el \u201ccentro de la Artesan\u00eda de Lanzarote\u201d"},"content":{"rendered":"<p>El Ayuntamiento de Har\u00eda y el Cabildo de Lanzarote han acordado convertir la \u2018Casa del Cura\u2019 en el \u201ccentro de la Artesan\u00eda\u201d de la Isla. En concreto, la Instituci\u00f3n insular acord\u00f3 en el \u00faltimo Consejo de Gobierno la cesi\u00f3n de uso de estas instalaciones para la creaci\u00f3n de un Centro de Artesan\u00eda.<\/p>\n<p>La alcaldesa de Har\u00eda, Evelia Garc\u00eda, y la presidenta del Cabildo, Mar\u00eda Dolores Corujo, refrendaron esta colaboraci\u00f3n interadministrativa que permitir\u00e1 que \u201cHar\u00eda sea el centro neur\u00e1lgico de esta expresi\u00f3n cultural tan importante para Lanzarote\u201d.<\/p>\n<p>La alcaldesa agradeci\u00f3 la \u201cpredisposici\u00f3n del Cabildo de Lanzarote en la cesi\u00f3n de estas instalaciones por y para el uso de los vecinos y vecinas de Har\u00eda\u201d y se\u00f1al\u00f3 que \u201ces fundamental un lugar as\u00ed para seguir desarrollando un sector tan valorado en el norte\u201d.<\/p>\n","protected":false},"excerpt":{"rendered":"<p>El Ayuntamiento de Har\u00eda y el Cabildo de Lanzarote han acordado convertir la \u2018Casa del Cura\u2019 en el \u201ccentro de la Artesan\u00eda\u201d de la Isla. En concreto, la Instituci\u00f3n insular acord\u00f3 en el \u00faltimo Consejo de Gobierno la cesi\u00f3n de uso de estas instalaciones para la creaci\u00f3n de un Centro de Artesan\u00eda. La alcaldesa de [&hellip;]<\/p>\n","protected":false},"author":13,"featured_media":24911,"comment_status":"closed","ping_status":"closed","sticky":false,"template":"","format":"standard","meta":{"footnotes":""},"categories":[73,425,11],"tags":[],"class_list":["post-24910","post","type-post","status-publish","format-standard","has-post-thumbnail","hentry","category-alcaldia","category-destacado","category-hoja-de-haria"],"_links":{"self":[{"href":"https:\/\/www.ayuntamientodeharia.com\/haria\/wp-json\/wp\/v2\/posts\/24910","targetHints":{"allow":["GET"]}}],"collection":[{"href":"https:\/\/www.ayuntamientodeharia.com\/haria\/wp-json\/wp\/v2\/posts"}],"about":[{"href":"https:\/\/www.ayuntamientodeharia.com\/haria\/wp-json\/wp\/v2\/types\/post"}],"author":[{"embeddable":true,"href":"https:\/\/www.ayuntamientodeharia.com\/haria\/wp-json\/wp\/v2\/users\/13"}],"replies":[{"embeddable":true,"href":"https:\/\/www.ayuntamientodeharia.com\/haria\/wp-json\/wp\/v2\/comments?post=24910"}],"version-history":[{"count":1,"href":"https:\/\/www.ayuntamientodeharia.com\/haria\/wp-json\/wp\/v2\/posts\/24910\/revisions"}],"predecessor-version":[{"id":24912,"href":"https:\/\/www.ayuntamientodeharia.com\/haria\/wp-json\/wp\/v2\/posts\/24910\/revisions\/24912"}],"wp:featuredmedia":[{"embeddable":true,"href":"https:\/\/www.ayuntamientodeharia.com\/haria\/wp-json\/wp\/v2\/media\/24911"}],"wp:attachment":[{"href":"https:\/\/www.ayuntamientodeharia.com\/haria\/wp-json\/wp\/v2\/media?parent=24910"}],"wp:term":[{"taxonomy":"category","embeddable":true,"href":"https:\/\/www.ayuntamientodeharia.com\/haria\/wp-json\/wp\/v2\/categories?post=24910"},{"taxonomy":"post_tag","embeddable":true,"href":"https:\/\/www.ayuntamientodeharia.com\/haria\/wp-json\/wp\/v2\/tags?post=24910"}],"curies":[{"name":"wp","href":"https:\/\/api.w.org\/{rel}","templated":true}]}}