{"id":2491,"date":"2015-09-25T12:23:08","date_gmt":"2015-09-25T12:23:08","guid":{"rendered":"http:\/\/www.ayuntamientodeharia.com\/haria\/?p=2491"},"modified":"2015-09-25T12:43:03","modified_gmt":"2015-09-25T12:43:03","slug":"donacion-de-libros-realizados-por-las-hermana-raquel-y-nahla-fernandez","status":"publish","type":"post","link":"https:\/\/www.ayuntamientodeharia.com\/haria\/donacion-de-libros-realizados-por-las-hermana-raquel-y-nahla-fernandez\/","title":{"rendered":"Donaci\u00f3n de libros realizados por las hermana Raquel y Nahla Fern\u00e1ndez"},"content":{"rendered":"<p>La Biblioteca Municipal, adscrita a la Concejal\u00eda de Cultura, coordinada por Jos\u00e9 P\u00e9rez Dorta, quiere agradecer la donaci\u00f3n de libros de lectura y manuales realizada por las hermana Raquel y Nahla Fern\u00e1ndez. Dicho material pasar\u00e1 a formar parte de los fondos de la biblioteca para ser consultado por los usuarios de la misma.<\/p>\n<p>&nbsp;<\/p>\n<p>Con este gesto solidario y desinteresado se contribuye a complementar los fondos bibliogr\u00e1ficos y se ampl\u00eda la oferta cultural de la misma.<\/p>\n","protected":false},"excerpt":{"rendered":"<p>La Biblioteca Municipal, adscrita a la Concejal\u00eda de Cultura, coordinada por Jos\u00e9 P\u00e9rez Dorta, quiere agradecer la donaci\u00f3n de libros de lectura y manuales realizada por las hermana Raquel y Nahla Fern\u00e1ndez. Dicho material pasar\u00e1 a formar parte de los fondos de la biblioteca para ser consultado por los usuarios de la misma. &nbsp; Con [&hellip;]<\/p>\n","protected":false},"author":2,"featured_media":0,"comment_status":"closed","ping_status":"closed","sticky":false,"template":"","format":"standard","meta":{"footnotes":""},"categories":[16,11],"tags":[],"class_list":["post-2491","post","type-post","status-publish","format-standard","hentry","category-cultura","category-hoja-de-haria"],"_links":{"self":[{"href":"https:\/\/www.ayuntamientodeharia.com\/haria\/wp-json\/wp\/v2\/posts\/2491","targetHints":{"allow":["GET"]}}],"collection":[{"href":"https:\/\/www.ayuntamientodeharia.com\/haria\/wp-json\/wp\/v2\/posts"}],"about":[{"href":"https:\/\/www.ayuntamientodeharia.com\/haria\/wp-json\/wp\/v2\/types\/post"}],"author":[{"embeddable":true,"href":"https:\/\/www.ayuntamientodeharia.com\/haria\/wp-json\/wp\/v2\/users\/2"}],"replies":[{"embeddable":true,"href":"https:\/\/www.ayuntamientodeharia.com\/haria\/wp-json\/wp\/v2\/comments?post=2491"}],"version-history":[{"count":0,"href":"https:\/\/www.ayuntamientodeharia.com\/haria\/wp-json\/wp\/v2\/posts\/2491\/revisions"}],"wp:attachment":[{"href":"https:\/\/www.ayuntamientodeharia.com\/haria\/wp-json\/wp\/v2\/media?parent=2491"}],"wp:term":[{"taxonomy":"category","embeddable":true,"href":"https:\/\/www.ayuntamientodeharia.com\/haria\/wp-json\/wp\/v2\/categories?post=2491"},{"taxonomy":"post_tag","embeddable":true,"href":"https:\/\/www.ayuntamientodeharia.com\/haria\/wp-json\/wp\/v2\/tags?post=2491"}],"curies":[{"name":"wp","href":"https:\/\/api.w.org\/{rel}","templated":true}]}}