{"id":24907,"date":"2023-02-17T15:11:16","date_gmt":"2023-02-17T15:11:16","guid":{"rendered":"https:\/\/www.ayuntamientodeharia.com\/haria\/?p=24907"},"modified":"2023-02-17T15:11:16","modified_gmt":"2023-02-17T15:11:16","slug":"el-ayuntamiento-invita-a-la-ciudadania-a-seguir-acudiendo-cada-sabado-al-mercado-artesanal-de-haria","status":"publish","type":"post","link":"https:\/\/www.ayuntamientodeharia.com\/haria\/el-ayuntamiento-invita-a-la-ciudadania-a-seguir-acudiendo-cada-sabado-al-mercado-artesanal-de-haria\/","title":{"rendered":"El Ayuntamiento invita a la ciudadan\u00eda a seguir acudiendo cada s\u00e1bado al Mercado Artesanal de Har\u00eda"},"content":{"rendered":"<p>El Ayuntamiento de Har\u00eda invita a la ciudadan\u00eda del municipio a seguir acudiendo cada s\u00e1bado al Mercado Artesanal municipal. Este se celebra de 10:00 a 14:00 horas, en la Plaza de Har\u00eda.<\/p>\n<p>Desde el Consistorio, les animamos a seguir contribuyendo al mantenimiento y crecimiento de este oficio tradicional que es parte de la historia del municipio y que requiere de tanto esfuerzo y entrega.<\/p>\n<p>&nbsp;<\/p>\n","protected":false},"excerpt":{"rendered":"<p>El Ayuntamiento de Har\u00eda invita a la ciudadan\u00eda del municipio a seguir acudiendo cada s\u00e1bado al Mercado Artesanal municipal. Este se celebra de 10:00 a 14:00 horas, en la Plaza de Har\u00eda. Desde el Consistorio, les animamos a seguir contribuyendo al mantenimiento y crecimiento de este oficio tradicional que es parte de la historia del [&hellip;]<\/p>\n","protected":false},"author":13,"featured_media":24908,"comment_status":"closed","ping_status":"closed","sticky":false,"template":"","format":"standard","meta":{"footnotes":""},"categories":[11],"tags":[],"class_list":["post-24907","post","type-post","status-publish","format-standard","has-post-thumbnail","hentry","category-hoja-de-haria"],"_links":{"self":[{"href":"https:\/\/www.ayuntamientodeharia.com\/haria\/wp-json\/wp\/v2\/posts\/24907","targetHints":{"allow":["GET"]}}],"collection":[{"href":"https:\/\/www.ayuntamientodeharia.com\/haria\/wp-json\/wp\/v2\/posts"}],"about":[{"href":"https:\/\/www.ayuntamientodeharia.com\/haria\/wp-json\/wp\/v2\/types\/post"}],"author":[{"embeddable":true,"href":"https:\/\/www.ayuntamientodeharia.com\/haria\/wp-json\/wp\/v2\/users\/13"}],"replies":[{"embeddable":true,"href":"https:\/\/www.ayuntamientodeharia.com\/haria\/wp-json\/wp\/v2\/comments?post=24907"}],"version-history":[{"count":1,"href":"https:\/\/www.ayuntamientodeharia.com\/haria\/wp-json\/wp\/v2\/posts\/24907\/revisions"}],"predecessor-version":[{"id":24909,"href":"https:\/\/www.ayuntamientodeharia.com\/haria\/wp-json\/wp\/v2\/posts\/24907\/revisions\/24909"}],"wp:featuredmedia":[{"embeddable":true,"href":"https:\/\/www.ayuntamientodeharia.com\/haria\/wp-json\/wp\/v2\/media\/24908"}],"wp:attachment":[{"href":"https:\/\/www.ayuntamientodeharia.com\/haria\/wp-json\/wp\/v2\/media?parent=24907"}],"wp:term":[{"taxonomy":"category","embeddable":true,"href":"https:\/\/www.ayuntamientodeharia.com\/haria\/wp-json\/wp\/v2\/categories?post=24907"},{"taxonomy":"post_tag","embeddable":true,"href":"https:\/\/www.ayuntamientodeharia.com\/haria\/wp-json\/wp\/v2\/tags?post=24907"}],"curies":[{"name":"wp","href":"https:\/\/api.w.org\/{rel}","templated":true}]}}