{"id":2431,"date":"2015-09-11T12:26:20","date_gmt":"2015-09-11T12:26:20","guid":{"rendered":"http:\/\/www.ayuntamientodeharia.com\/haria\/?p=2431"},"modified":"2015-09-11T12:26:20","modified_gmt":"2015-09-11T12:26:20","slug":"concurso-de-engalanamiento-de-fachadas-de-punta-mujeres","status":"publish","type":"post","link":"https:\/\/www.ayuntamientodeharia.com\/haria\/concurso-de-engalanamiento-de-fachadas-de-punta-mujeres\/","title":{"rendered":"Concurso de engalanamiento de fachadas de Punta Mujeres"},"content":{"rendered":"<p><a href=\"http:\/\/www.ayuntamientodeharia.com\/haria\/wp-content\/uploads\/2015\/09\/fachada-2.jpg\"><img fetchpriority=\"high\" decoding=\"async\" class=\"alignleft size-medium wp-image-2393\" src=\"http:\/\/www.ayuntamientodeharia.com\/haria\/wp-content\/uploads\/2015\/09\/fachada-2-300x258.jpg\" alt=\"fachada 2\" width=\"300\" height=\"258\" srcset=\"https:\/\/www.ayuntamientodeharia.com\/haria\/wp-content\/uploads\/2015\/09\/fachada-2-300x258.jpg 300w, https:\/\/www.ayuntamientodeharia.com\/haria\/wp-content\/uploads\/2015\/09\/fachada-2.jpg 477w\" sizes=\"(max-width: 300px) 100vw, 300px\" \/><\/a> <a href=\"http:\/\/www.ayuntamientodeharia.com\/haria\/wp-content\/uploads\/2015\/09\/fachada-3.jpg\"><img decoding=\"async\" class=\"alignleft size-medium wp-image-2394\" src=\"http:\/\/www.ayuntamientodeharia.com\/haria\/wp-content\/uploads\/2015\/09\/fachada-3-300x225.jpg\" alt=\"fachada 3\" width=\"300\" height=\"225\" srcset=\"https:\/\/www.ayuntamientodeharia.com\/haria\/wp-content\/uploads\/2015\/09\/fachada-3-300x225.jpg 300w, https:\/\/www.ayuntamientodeharia.com\/haria\/wp-content\/uploads\/2015\/09\/fachada-3.jpg 547w\" sizes=\"(max-width: 300px) 100vw, 300px\" \/><\/a> <a href=\"http:\/\/www.ayuntamientodeharia.com\/haria\/wp-content\/uploads\/2015\/09\/fachada-1.jpg\"><img decoding=\"async\" class=\"alignleft size-medium wp-image-2405\" src=\"http:\/\/www.ayuntamientodeharia.com\/haria\/wp-content\/uploads\/2015\/09\/fachada-1-300x179.jpg\" alt=\"fachada 1\" width=\"300\" height=\"179\" srcset=\"https:\/\/www.ayuntamientodeharia.com\/haria\/wp-content\/uploads\/2015\/09\/fachada-1-300x179.jpg 300w, https:\/\/www.ayuntamientodeharia.com\/haria\/wp-content\/uploads\/2015\/09\/fachada-1.jpg 687w\" sizes=\"(max-width: 300px) 100vw, 300px\" \/><\/a>Las calles Pe\u00f1a Redonda y Monta\u00f1a Clara de Punta Mujeres recibieron el m\u00e1ximo reconocimiento por contar con las fachadas de sus casas mejor engalanadas y decoradas, dentro de los actos organizados con motivo de la festividad de Nuestra Se\u00f1ora del Pino.<\/p>\n<p>&nbsp;<\/p>\n<p>El Consistorio norte\u00f1o felicita a todos los participantes en el concurso, en especial a los premiados, por su esfuerzo y dedicaci\u00f3n, contribuyendo con ello a dotar a la localidad costera de una imagen vistosa y original durante la celebraci\u00f3n de sus fiestas.<\/p>\n<p>&nbsp;<\/p>\n<p>Cabe destacar que a pesar de ser la primera vez que se llevaba a cabo el concurso, hubo una gran participaci\u00f3n.<\/p>\n","protected":false},"excerpt":{"rendered":"<p>Las calles Pe\u00f1a Redonda y Monta\u00f1a Clara de Punta Mujeres recibieron el m\u00e1ximo reconocimiento por contar con las fachadas de sus casas mejor engalanadas y decoradas, dentro de los actos organizados con motivo de la festividad de Nuestra Se\u00f1ora del Pino. &nbsp; El Consistorio norte\u00f1o felicita a todos los participantes en el concurso, en especial [&hellip;]<\/p>\n","protected":false},"author":2,"featured_media":0,"comment_status":"closed","ping_status":"closed","sticky":false,"template":"","format":"standard","meta":{"footnotes":""},"categories":[15,11],"tags":[],"class_list":["post-2431","post","type-post","status-publish","format-standard","hentry","category-festejos","category-hoja-de-haria"],"_links":{"self":[{"href":"https:\/\/www.ayuntamientodeharia.com\/haria\/wp-json\/wp\/v2\/posts\/2431","targetHints":{"allow":["GET"]}}],"collection":[{"href":"https:\/\/www.ayuntamientodeharia.com\/haria\/wp-json\/wp\/v2\/posts"}],"about":[{"href":"https:\/\/www.ayuntamientodeharia.com\/haria\/wp-json\/wp\/v2\/types\/post"}],"author":[{"embeddable":true,"href":"https:\/\/www.ayuntamientodeharia.com\/haria\/wp-json\/wp\/v2\/users\/2"}],"replies":[{"embeddable":true,"href":"https:\/\/www.ayuntamientodeharia.com\/haria\/wp-json\/wp\/v2\/comments?post=2431"}],"version-history":[{"count":0,"href":"https:\/\/www.ayuntamientodeharia.com\/haria\/wp-json\/wp\/v2\/posts\/2431\/revisions"}],"wp:attachment":[{"href":"https:\/\/www.ayuntamientodeharia.com\/haria\/wp-json\/wp\/v2\/media?parent=2431"}],"wp:term":[{"taxonomy":"category","embeddable":true,"href":"https:\/\/www.ayuntamientodeharia.com\/haria\/wp-json\/wp\/v2\/categories?post=2431"},{"taxonomy":"post_tag","embeddable":true,"href":"https:\/\/www.ayuntamientodeharia.com\/haria\/wp-json\/wp\/v2\/tags?post=2431"}],"curies":[{"name":"wp","href":"https:\/\/api.w.org\/{rel}","templated":true}]}}