{"id":2429,"date":"2015-09-11T12:24:50","date_gmt":"2015-09-11T12:24:50","guid":{"rendered":"http:\/\/www.ayuntamientodeharia.com\/haria\/?p=2429"},"modified":"2015-09-11T12:24:50","modified_gmt":"2015-09-11T12:24:50","slug":"juan-carlos-garcia-y-alexia-camelo-ganadores-del-v-concurso-de-fotografia-en-verano","status":"publish","type":"post","link":"https:\/\/www.ayuntamientodeharia.com\/haria\/juan-carlos-garcia-y-alexia-camelo-ganadores-del-v-concurso-de-fotografia-en-verano\/","title":{"rendered":"Juan Carlos Garc\u00eda y Alexia Camelo, ganadores del \u2018V Concurso de Fotograf\u00eda en Verano\u2019"},"content":{"rendered":"<p><a href=\"http:\/\/www.ayuntamientodeharia.com\/haria\/wp-content\/uploads\/2015\/09\/casa-2.jpg\"><img fetchpriority=\"high\" decoding=\"async\" class=\"alignleft size-medium wp-image-2403\" src=\"http:\/\/www.ayuntamientodeharia.com\/haria\/wp-content\/uploads\/2015\/09\/casa-2-300x224.jpg\" alt=\"casa 2\" width=\"300\" height=\"224\" srcset=\"https:\/\/www.ayuntamientodeharia.com\/haria\/wp-content\/uploads\/2015\/09\/casa-2-300x224.jpg 300w, https:\/\/www.ayuntamientodeharia.com\/haria\/wp-content\/uploads\/2015\/09\/casa-2.jpg 498w\" sizes=\"(max-width: 300px) 100vw, 300px\" \/><\/a> <a href=\"http:\/\/www.ayuntamientodeharia.com\/haria\/wp-content\/uploads\/2015\/09\/casa-1.jpg\"><img decoding=\"async\" class=\"alignleft size-medium wp-image-2402\" src=\"http:\/\/www.ayuntamientodeharia.com\/haria\/wp-content\/uploads\/2015\/09\/casa-1-300x226.jpg\" alt=\"casa 1\" width=\"300\" height=\"226\" srcset=\"https:\/\/www.ayuntamientodeharia.com\/haria\/wp-content\/uploads\/2015\/09\/casa-1-300x226.jpg 300w, https:\/\/www.ayuntamientodeharia.com\/haria\/wp-content\/uploads\/2015\/09\/casa-1.jpg 493w\" sizes=\"(max-width: 300px) 100vw, 300px\" \/><\/a>Un total de 21 im\u00e1genes pertenecientes a siete fot\u00f3grafos se presentaron al \u2018V Concurso de Fotograf\u00eda en Verano\u2019 organizado por la Concejal\u00eda de Cultura del Ayuntamiento de Har\u00eda, bajo el lema \u2018La casa de los abuelos, nuestro patrimonio\u2019.<\/p>\n<p>&nbsp;<\/p>\n<p>En esta edici\u00f3n, el primer premio para participantes mayores de 18 a\u00f1os recay\u00f3 en la fotograf\u00eda denominada \u2018Uga en el recuerdo\u2019, de Juan Carlos Garc\u00eda Gonz\u00e1lez, mientras que el m\u00e1ximo galard\u00f3n para menores de 18 a\u00f1os fue para la instant\u00e1nea \u2018Sobrado interior con escalera\u2019, de Alexia Camelo Betancor. Las obras ganadoras pasar\u00e1n a ser propiedad del Consistorio, mientras que el resto pueden ser retiradas por sus autores en el Departamento de Cultura.<\/p>\n<p>&nbsp;<\/p>\n<p>Desde la Corporaci\u00f3n municipal se felicita a todos los participantes, en especial a los ganadores de esta edici\u00f3n, por la calidad de las im\u00e1genes presentadas.<\/p>\n<p><!--more--><\/p>\n<p>El concejal de Cultura, Jos\u00e9 P\u00e9rez Dorta, explica que con este concurso \u201chemos pretendido crear un premio que no solo se centre en la calidad t\u00e9cnica y en la pl\u00e1stica de la imagen, sino que adem\u00e1s sirva para adentrarnos en el conocimiento de nuestro patrimonio arquitect\u00f3nico y en su valor hist\u00f3rico.\u201d Es por ello que este a\u00f1o se ha contado con un jurado especializado en las distintas disciplinas y de reconocida val\u00eda: el catedr\u00e1tico y profesor de Artes Pl\u00e1sticas Santiago Alem\u00e1n Valls; la catedr\u00e1tica y profesora de Historia de Arte Dolores Gonz\u00e1lez Borges; el profesor de Artes Pl\u00e1sticas Jaime Romero P\u00e9rez; el concejal de Educaci\u00f3n Cultura y Patrimonio, Jos\u00e9 P\u00e9rez Dorta; y como secretaria, Luisa Lemes Medina, t\u00e9cnico del Departamento de Cultura del Ayuntamiento de Har\u00eda.<\/p>\n","protected":false},"excerpt":{"rendered":"<p>Un total de 21 im\u00e1genes pertenecientes a siete fot\u00f3grafos se presentaron al \u2018V Concurso de Fotograf\u00eda en Verano\u2019 organizado por la Concejal\u00eda de Cultura del Ayuntamiento de Har\u00eda, bajo el lema \u2018La casa de los abuelos, nuestro patrimonio\u2019. &nbsp; En esta edici\u00f3n, el primer premio para participantes mayores de 18 a\u00f1os recay\u00f3 en la fotograf\u00eda [&hellip;]<\/p>\n","protected":false},"author":2,"featured_media":0,"comment_status":"closed","ping_status":"closed","sticky":false,"template":"","format":"standard","meta":{"footnotes":""},"categories":[16,11],"tags":[],"class_list":["post-2429","post","type-post","status-publish","format-standard","hentry","category-cultura","category-hoja-de-haria"],"_links":{"self":[{"href":"https:\/\/www.ayuntamientodeharia.com\/haria\/wp-json\/wp\/v2\/posts\/2429","targetHints":{"allow":["GET"]}}],"collection":[{"href":"https:\/\/www.ayuntamientodeharia.com\/haria\/wp-json\/wp\/v2\/posts"}],"about":[{"href":"https:\/\/www.ayuntamientodeharia.com\/haria\/wp-json\/wp\/v2\/types\/post"}],"author":[{"embeddable":true,"href":"https:\/\/www.ayuntamientodeharia.com\/haria\/wp-json\/wp\/v2\/users\/2"}],"replies":[{"embeddable":true,"href":"https:\/\/www.ayuntamientodeharia.com\/haria\/wp-json\/wp\/v2\/comments?post=2429"}],"version-history":[{"count":0,"href":"https:\/\/www.ayuntamientodeharia.com\/haria\/wp-json\/wp\/v2\/posts\/2429\/revisions"}],"wp:attachment":[{"href":"https:\/\/www.ayuntamientodeharia.com\/haria\/wp-json\/wp\/v2\/media?parent=2429"}],"wp:term":[{"taxonomy":"category","embeddable":true,"href":"https:\/\/www.ayuntamientodeharia.com\/haria\/wp-json\/wp\/v2\/categories?post=2429"},{"taxonomy":"post_tag","embeddable":true,"href":"https:\/\/www.ayuntamientodeharia.com\/haria\/wp-json\/wp\/v2\/tags?post=2429"}],"curies":[{"name":"wp","href":"https:\/\/api.w.org\/{rel}","templated":true}]}}