{"id":2427,"date":"2015-09-11T12:23:15","date_gmt":"2015-09-11T12:23:15","guid":{"rendered":"http:\/\/www.ayuntamientodeharia.com\/haria\/?p=2427"},"modified":"2015-09-11T12:23:15","modified_gmt":"2015-09-11T12:23:15","slug":"presentacion-de-la-iv-carrera-solidaria-cochinilla-trail-2015","status":"publish","type":"post","link":"https:\/\/www.ayuntamientodeharia.com\/haria\/presentacion-de-la-iv-carrera-solidaria-cochinilla-trail-2015\/","title":{"rendered":"Presentaci\u00f3n de la \u2018IV Carrera Solidaria Cochinilla Trail 2015\u2019"},"content":{"rendered":"<p><a href=\"http:\/\/www.ayuntamientodeharia.com\/haria\/wp-content\/uploads\/2015\/09\/cochinilla-trail.jpg\"><img decoding=\"async\" class=\"alignleft size-medium wp-image-2404\" src=\"http:\/\/www.ayuntamientodeharia.com\/haria\/wp-content\/uploads\/2015\/09\/cochinilla-trail-300x113.jpg\" alt=\"cochinilla trail\" width=\"300\" height=\"113\" srcset=\"https:\/\/www.ayuntamientodeharia.com\/haria\/wp-content\/uploads\/2015\/09\/cochinilla-trail-300x113.jpg 300w, https:\/\/www.ayuntamientodeharia.com\/haria\/wp-content\/uploads\/2015\/09\/cochinilla-trail-1024x388.jpg 1024w, https:\/\/www.ayuntamientodeharia.com\/haria\/wp-content\/uploads\/2015\/09\/cochinilla-trail.jpg 1086w\" sizes=\"(max-width: 300px) 100vw, 300px\" \/><\/a>La cuarta edici\u00f3n de la \u2018Cochinilla Trail\u2019, que tendr\u00e1 lugar el pr\u00f3ximo s\u00e1bado, 26 de septiembre, sin \u00e1nimo de lucro y con el \u00fanico pretexto de unir el deporte y la solidaridad, fue presentada el pasado martes, 8 de septiembre, por los miembros de la Asociaci\u00f3n Amigos de Mala, Onelia N\u00f3brega Gonz\u00e1lez y David Himmelsbach. A dicho acto oficial tambi\u00e9n acudieron, en representaci\u00f3n del Ayuntamiento de Har\u00eda, el alcalde, Marciano Acu\u00f1a, y el concejal V\u00edctor Robayna, as\u00ed como el director de la Fundaci\u00f3n Canaria para el control de las Enfermedades Tropicales (FUNCCET), Basilio Valladares, y Antonio Reina, colaborador de esta prueba.<\/p>\n<p>&nbsp;<\/p>\n<p>Durante la rueda de prensa se inform\u00f3 a los asistentes de los distintos recorridos de la competici\u00f3n, as\u00ed como de los retos deportivos que se plantean este a\u00f1o con el fin de recaudar fondos para financiar determinados proyectos solidarios que llevan a cabo distintas ONG. Desde hace d\u00edas est\u00e1 completo el cupo de participantes de la \u2018Cochinilla Trail\u2019, con un total de 500 inscritos entre corredores y senderistas, aunque, seg\u00fan inform\u00f3 la organizaci\u00f3n, sigue abierto el dorsal 0 para aquellas personas que no pudieron inscribirse y que quieren colaborar y participar en esta cita ben\u00e9fica con la aportaci\u00f3n de alimentos no perecederos.<\/p>\n<p><!--more--><\/p>\n<p>Adem\u00e1s, se pondr\u00e1 a la venta la camiseta de la prueba por 5 euros. Al margen de los adultos, en esta cuarta edici\u00f3n de esta carrera tambi\u00e9n participar\u00e1n un total de 50 menores.<\/p>\n","protected":false},"excerpt":{"rendered":"<p>La cuarta edici\u00f3n de la \u2018Cochinilla Trail\u2019, que tendr\u00e1 lugar el pr\u00f3ximo s\u00e1bado, 26 de septiembre, sin \u00e1nimo de lucro y con el \u00fanico pretexto de unir el deporte y la solidaridad, fue presentada el pasado martes, 8 de septiembre, por los miembros de la Asociaci\u00f3n Amigos de Mala, Onelia N\u00f3brega Gonz\u00e1lez y David Himmelsbach. [&hellip;]<\/p>\n","protected":false},"author":2,"featured_media":0,"comment_status":"closed","ping_status":"closed","sticky":false,"template":"","format":"standard","meta":{"footnotes":""},"categories":[17,11],"tags":[],"class_list":["post-2427","post","type-post","status-publish","format-standard","hentry","category-deportes","category-hoja-de-haria"],"_links":{"self":[{"href":"https:\/\/www.ayuntamientodeharia.com\/haria\/wp-json\/wp\/v2\/posts\/2427","targetHints":{"allow":["GET"]}}],"collection":[{"href":"https:\/\/www.ayuntamientodeharia.com\/haria\/wp-json\/wp\/v2\/posts"}],"about":[{"href":"https:\/\/www.ayuntamientodeharia.com\/haria\/wp-json\/wp\/v2\/types\/post"}],"author":[{"embeddable":true,"href":"https:\/\/www.ayuntamientodeharia.com\/haria\/wp-json\/wp\/v2\/users\/2"}],"replies":[{"embeddable":true,"href":"https:\/\/www.ayuntamientodeharia.com\/haria\/wp-json\/wp\/v2\/comments?post=2427"}],"version-history":[{"count":0,"href":"https:\/\/www.ayuntamientodeharia.com\/haria\/wp-json\/wp\/v2\/posts\/2427\/revisions"}],"wp:attachment":[{"href":"https:\/\/www.ayuntamientodeharia.com\/haria\/wp-json\/wp\/v2\/media?parent=2427"}],"wp:term":[{"taxonomy":"category","embeddable":true,"href":"https:\/\/www.ayuntamientodeharia.com\/haria\/wp-json\/wp\/v2\/categories?post=2427"},{"taxonomy":"post_tag","embeddable":true,"href":"https:\/\/www.ayuntamientodeharia.com\/haria\/wp-json\/wp\/v2\/tags?post=2427"}],"curies":[{"name":"wp","href":"https:\/\/api.w.org\/{rel}","templated":true}]}}