{"id":2425,"date":"2015-09-11T12:22:20","date_gmt":"2015-09-11T12:22:20","guid":{"rendered":"http:\/\/www.ayuntamientodeharia.com\/haria\/?p=2425"},"modified":"2015-09-11T12:22:20","modified_gmt":"2015-09-11T12:22:20","slug":"campana-de-concienciacion-sobre-los-animales-domesticos","status":"publish","type":"post","link":"https:\/\/www.ayuntamientodeharia.com\/haria\/campana-de-concienciacion-sobre-los-animales-domesticos\/","title":{"rendered":"Campa\u00f1a de concienciaci\u00f3n sobre los animales dom\u00e9sticos"},"content":{"rendered":"<p><a href=\"http:\/\/www.ayuntamientodeharia.com\/haria\/wp-content\/uploads\/2015\/09\/tu-perro.jpg\"><img fetchpriority=\"high\" decoding=\"async\" class=\"alignleft size-medium wp-image-2401\" src=\"http:\/\/www.ayuntamientodeharia.com\/haria\/wp-content\/uploads\/2015\/09\/tu-perro-300x211.jpg\" alt=\"tu perro\" width=\"300\" height=\"211\" srcset=\"https:\/\/www.ayuntamientodeharia.com\/haria\/wp-content\/uploads\/2015\/09\/tu-perro-300x211.jpg 300w, https:\/\/www.ayuntamientodeharia.com\/haria\/wp-content\/uploads\/2015\/09\/tu-perro.jpg 712w\" sizes=\"(max-width: 300px) 100vw, 300px\" \/><\/a>La Concejal\u00eda de Sanidad, dirigida por Yessica Mesa, pone en marcha una campa\u00f1a para la concienciaci\u00f3n de los ciudadanos en relaci\u00f3n al uso de los espacios p\u00fablicos por los animales dom\u00e9sticos. Existe una ordenanza municipal reguladora de la tenencia y protecci\u00f3n de animales del municipio de Har\u00eda, as\u00ed como recogida y estancia de animales en las instalaciones municipales.<\/p>\n<p>&nbsp;<\/p>\n<p>A partir de ahora, el Ayuntamiento de Har\u00eda sancionar\u00e1 a todo aquel que incumpla esta normativa, que puede suponer una sanci\u00f3n econ\u00f3mica de 100 a 150 euros. La normativa de dicha ordenanza tiene como objetivo regular todos los aspectos relativos a la tenencia de animales de compa\u00f1\u00eda y otros animales dom\u00e9sticos en el t\u00e9rmino municipal de Har\u00eda y, muy especialmente, en lo que afecte a la tranquilidad, seguridad y salubridad ciudadanas y de los propios animales, as\u00ed como garantizar a estos la debida protecci\u00f3n, defensa y respeto.<\/p>\n<p><!--more--><\/p>\n<p>Queda tambi\u00e9n incluida la tenencia de animales ex\u00f3ticos y salvajes, en tanto su presencia pueda afectar a la protecci\u00f3n y salud de los ciudadanos, as\u00ed como a la de los propios animales.<\/p>\n","protected":false},"excerpt":{"rendered":"<p>La Concejal\u00eda de Sanidad, dirigida por Yessica Mesa, pone en marcha una campa\u00f1a para la concienciaci\u00f3n de los ciudadanos en relaci\u00f3n al uso de los espacios p\u00fablicos por los animales dom\u00e9sticos. Existe una ordenanza municipal reguladora de la tenencia y protecci\u00f3n de animales del municipio de Har\u00eda, as\u00ed como recogida y estancia de animales en [&hellip;]<\/p>\n","protected":false},"author":2,"featured_media":0,"comment_status":"closed","ping_status":"closed","sticky":false,"template":"","format":"standard","meta":{"footnotes":""},"categories":[11,64],"tags":[],"class_list":["post-2425","post","type-post","status-publish","format-standard","hentry","category-hoja-de-haria","category-sanidad"],"_links":{"self":[{"href":"https:\/\/www.ayuntamientodeharia.com\/haria\/wp-json\/wp\/v2\/posts\/2425","targetHints":{"allow":["GET"]}}],"collection":[{"href":"https:\/\/www.ayuntamientodeharia.com\/haria\/wp-json\/wp\/v2\/posts"}],"about":[{"href":"https:\/\/www.ayuntamientodeharia.com\/haria\/wp-json\/wp\/v2\/types\/post"}],"author":[{"embeddable":true,"href":"https:\/\/www.ayuntamientodeharia.com\/haria\/wp-json\/wp\/v2\/users\/2"}],"replies":[{"embeddable":true,"href":"https:\/\/www.ayuntamientodeharia.com\/haria\/wp-json\/wp\/v2\/comments?post=2425"}],"version-history":[{"count":0,"href":"https:\/\/www.ayuntamientodeharia.com\/haria\/wp-json\/wp\/v2\/posts\/2425\/revisions"}],"wp:attachment":[{"href":"https:\/\/www.ayuntamientodeharia.com\/haria\/wp-json\/wp\/v2\/media?parent=2425"}],"wp:term":[{"taxonomy":"category","embeddable":true,"href":"https:\/\/www.ayuntamientodeharia.com\/haria\/wp-json\/wp\/v2\/categories?post=2425"},{"taxonomy":"post_tag","embeddable":true,"href":"https:\/\/www.ayuntamientodeharia.com\/haria\/wp-json\/wp\/v2\/tags?post=2425"}],"curies":[{"name":"wp","href":"https:\/\/api.w.org\/{rel}","templated":true}]}}