{"id":24236,"date":"2023-01-27T14:25:12","date_gmt":"2023-01-27T14:25:12","guid":{"rendered":"https:\/\/www.ayuntamientodeharia.com\/haria\/?p=24236"},"modified":"2023-01-27T14:25:12","modified_gmt":"2023-01-27T14:25:12","slug":"vuelven-las-jornadas-de-promocion-de-la-orientacion","status":"publish","type":"post","link":"https:\/\/www.ayuntamientodeharia.com\/haria\/vuelven-las-jornadas-de-promocion-de-la-orientacion\/","title":{"rendered":"Vuelven las Jornadas de Promoci\u00f3n de la Orientaci\u00f3n"},"content":{"rendered":"<p>El \u00e1rea de Juventud del Ayuntamiento de Har\u00eda vuelve a poner en marcha un a\u00f1o m\u00e1s las Jornadas de Promoci\u00f3n de la Orientaci\u00f3n, en el marco del programa \u2018Recr\u00e9ate 2022\/2023\u2019.<\/p>\n<p>En su segunda edici\u00f3n, el Consistorio, en colaboraci\u00f3n con el IES Har\u00eda y los CEIP San Juan, La Garita y Las Mercedes, el programa Recr\u00e9ate busca fomentar actividades extraescolares y complementarias entre el alumnado del municipio. El pasado a\u00f1o, estudiantes norte\u00f1os participaron en el Campeonato de Canarias de Orientaci\u00f3n gracias a esta iniciativa y a su buen desempe\u00f1o.<\/p>\n","protected":false},"excerpt":{"rendered":"<p>El \u00e1rea de Juventud del Ayuntamiento de Har\u00eda vuelve a poner en marcha un a\u00f1o m\u00e1s las Jornadas de Promoci\u00f3n de la Orientaci\u00f3n, en el marco del programa \u2018Recr\u00e9ate 2022\/2023\u2019. En su segunda edici\u00f3n, el Consistorio, en colaboraci\u00f3n con el IES Har\u00eda y los CEIP San Juan, La Garita y Las Mercedes, el programa Recr\u00e9ate [&hellip;]<\/p>\n","protected":false},"author":13,"featured_media":24237,"comment_status":"closed","ping_status":"closed","sticky":false,"template":"","format":"standard","meta":{"footnotes":""},"categories":[19,11],"tags":[],"class_list":["post-24236","post","type-post","status-publish","format-standard","has-post-thumbnail","hentry","category-formacion","category-hoja-de-haria"],"_links":{"self":[{"href":"https:\/\/www.ayuntamientodeharia.com\/haria\/wp-json\/wp\/v2\/posts\/24236","targetHints":{"allow":["GET"]}}],"collection":[{"href":"https:\/\/www.ayuntamientodeharia.com\/haria\/wp-json\/wp\/v2\/posts"}],"about":[{"href":"https:\/\/www.ayuntamientodeharia.com\/haria\/wp-json\/wp\/v2\/types\/post"}],"author":[{"embeddable":true,"href":"https:\/\/www.ayuntamientodeharia.com\/haria\/wp-json\/wp\/v2\/users\/13"}],"replies":[{"embeddable":true,"href":"https:\/\/www.ayuntamientodeharia.com\/haria\/wp-json\/wp\/v2\/comments?post=24236"}],"version-history":[{"count":2,"href":"https:\/\/www.ayuntamientodeharia.com\/haria\/wp-json\/wp\/v2\/posts\/24236\/revisions"}],"predecessor-version":[{"id":24239,"href":"https:\/\/www.ayuntamientodeharia.com\/haria\/wp-json\/wp\/v2\/posts\/24236\/revisions\/24239"}],"wp:featuredmedia":[{"embeddable":true,"href":"https:\/\/www.ayuntamientodeharia.com\/haria\/wp-json\/wp\/v2\/media\/24237"}],"wp:attachment":[{"href":"https:\/\/www.ayuntamientodeharia.com\/haria\/wp-json\/wp\/v2\/media?parent=24236"}],"wp:term":[{"taxonomy":"category","embeddable":true,"href":"https:\/\/www.ayuntamientodeharia.com\/haria\/wp-json\/wp\/v2\/categories?post=24236"},{"taxonomy":"post_tag","embeddable":true,"href":"https:\/\/www.ayuntamientodeharia.com\/haria\/wp-json\/wp\/v2\/tags?post=24236"}],"curies":[{"name":"wp","href":"https:\/\/api.w.org\/{rel}","templated":true}]}}