{"id":24233,"date":"2023-01-27T14:24:09","date_gmt":"2023-01-27T14:24:09","guid":{"rendered":"https:\/\/www.ayuntamientodeharia.com\/haria\/?p=24233"},"modified":"2023-01-27T14:24:09","modified_gmt":"2023-01-27T14:24:09","slug":"la-asociacion-de-vecinos-volcan-de-la-corona-de-ye-convoca-una-asamblea-general","status":"publish","type":"post","link":"https:\/\/www.ayuntamientodeharia.com\/haria\/la-asociacion-de-vecinos-volcan-de-la-corona-de-ye-convoca-una-asamblea-general\/","title":{"rendered":"La Asociaci\u00f3n de Vecinos \u2018Volc\u00e1n de La Corona\u2019 de Ye convoca una Asamblea General"},"content":{"rendered":"<p>La Directiva de la Asociaci\u00f3n de Vecinos \u201cVolc\u00e1n de La Corona\u201d convoca a los socios y socias a una Asamblea General que tendr\u00e1 lugar el s\u00e1bado, 4 de febrero, a las 18:00h en el Centro Sociocultural \u201cEl Tef\u00edo\u201d.<\/p>\n<p>Tras la finalizaci\u00f3n de la Asamblea, los asistentes podr\u00e1n disfrutar de un picoteo y m\u00fasica en directo.<\/p>\n","protected":false},"excerpt":{"rendered":"<p>La Directiva de la Asociaci\u00f3n de Vecinos \u201cVolc\u00e1n de La Corona\u201d convoca a los socios y socias a una Asamblea General que tendr\u00e1 lugar el s\u00e1bado, 4 de febrero, a las 18:00h en el Centro Sociocultural \u201cEl Tef\u00edo\u201d. Tras la finalizaci\u00f3n de la Asamblea, los asistentes podr\u00e1n disfrutar de un picoteo y m\u00fasica en directo.<\/p>\n","protected":false},"author":13,"featured_media":24234,"comment_status":"closed","ping_status":"closed","sticky":false,"template":"","format":"standard","meta":{"footnotes":""},"categories":[32,11],"tags":[],"class_list":["post-24233","post","type-post","status-publish","format-standard","has-post-thumbnail","hentry","category-anuncios","category-hoja-de-haria"],"_links":{"self":[{"href":"https:\/\/www.ayuntamientodeharia.com\/haria\/wp-json\/wp\/v2\/posts\/24233","targetHints":{"allow":["GET"]}}],"collection":[{"href":"https:\/\/www.ayuntamientodeharia.com\/haria\/wp-json\/wp\/v2\/posts"}],"about":[{"href":"https:\/\/www.ayuntamientodeharia.com\/haria\/wp-json\/wp\/v2\/types\/post"}],"author":[{"embeddable":true,"href":"https:\/\/www.ayuntamientodeharia.com\/haria\/wp-json\/wp\/v2\/users\/13"}],"replies":[{"embeddable":true,"href":"https:\/\/www.ayuntamientodeharia.com\/haria\/wp-json\/wp\/v2\/comments?post=24233"}],"version-history":[{"count":1,"href":"https:\/\/www.ayuntamientodeharia.com\/haria\/wp-json\/wp\/v2\/posts\/24233\/revisions"}],"predecessor-version":[{"id":24235,"href":"https:\/\/www.ayuntamientodeharia.com\/haria\/wp-json\/wp\/v2\/posts\/24233\/revisions\/24235"}],"wp:featuredmedia":[{"embeddable":true,"href":"https:\/\/www.ayuntamientodeharia.com\/haria\/wp-json\/wp\/v2\/media\/24234"}],"wp:attachment":[{"href":"https:\/\/www.ayuntamientodeharia.com\/haria\/wp-json\/wp\/v2\/media?parent=24233"}],"wp:term":[{"taxonomy":"category","embeddable":true,"href":"https:\/\/www.ayuntamientodeharia.com\/haria\/wp-json\/wp\/v2\/categories?post=24233"},{"taxonomy":"post_tag","embeddable":true,"href":"https:\/\/www.ayuntamientodeharia.com\/haria\/wp-json\/wp\/v2\/tags?post=24233"}],"curies":[{"name":"wp","href":"https:\/\/api.w.org\/{rel}","templated":true}]}}