{"id":2423,"date":"2015-09-11T12:20:33","date_gmt":"2015-09-11T12:20:33","guid":{"rendered":"http:\/\/www.ayuntamientodeharia.com\/haria\/?p=2423"},"modified":"2015-09-11T12:20:33","modified_gmt":"2015-09-11T12:20:33","slug":"lionel-morales-mas-cerca-de-su-clasificacion-para-rio-2016","status":"publish","type":"post","link":"https:\/\/www.ayuntamientodeharia.com\/haria\/lionel-morales-mas-cerca-de-su-clasificacion-para-rio-2016\/","title":{"rendered":"Lionel Morales, m\u00e1s cerca de su clasificaci\u00f3n para \u2018R\u00edo 2016\u2019"},"content":{"rendered":"<p><a href=\"http:\/\/www.ayuntamientodeharia.com\/haria\/wp-content\/uploads\/2015\/09\/lionel1.jpg\"><img fetchpriority=\"high\" decoding=\"async\" class=\"alignleft size-medium wp-image-2395\" src=\"http:\/\/www.ayuntamientodeharia.com\/haria\/wp-content\/uploads\/2015\/09\/lionel1-238x300.jpg\" alt=\"lionel\" width=\"238\" height=\"300\" srcset=\"https:\/\/www.ayuntamientodeharia.com\/haria\/wp-content\/uploads\/2015\/09\/lionel1-238x300.jpg 238w, https:\/\/www.ayuntamientodeharia.com\/haria\/wp-content\/uploads\/2015\/09\/lionel1-815x1024.jpg 815w, https:\/\/www.ayuntamientodeharia.com\/haria\/wp-content\/uploads\/2015\/09\/lionel1.jpg 843w\" sizes=\"(max-width: 238px) 100vw, 238px\" \/><\/a>Tras proclamarse campe\u00f3n de Espa\u00f1a de Paratriatl\u00f3n 2015, Lionel Morales viaj\u00f3 el pasado s\u00e1bado a Canad\u00e1 para participar en una prueba de la temporada de las Series Mundiales de Paratriatl\u00f3n, completando la \u2018Edmonton ITU World Paratriathlon Event\u2019 como segundo clasificado de la categor\u00eda PT2.<\/p>\n<p>&nbsp;<\/p>\n<p>Lionel Morales consigui\u00f3 la medalla de plata con un tiempo de 1:18:03, detr\u00e1s del campe\u00f3n marroqu\u00ed Mohamed Lahna, que se alz\u00f3 con el oro en un tiempo de 1:15:09.<\/p>\n<p>&nbsp;<\/p>\n<p>Desde el Ayuntamiento de Har\u00eda se felicita al deportista conejero Lionel Morales por su nueva victoria en Edmonton y por continuar sumando valiosos puntos de cara a su clasificaci\u00f3n para los \u2018Juegos Paral\u00edmpicos de R\u00edo 2016\u2019.<\/p>\n","protected":false},"excerpt":{"rendered":"<p>Tras proclamarse campe\u00f3n de Espa\u00f1a de Paratriatl\u00f3n 2015, Lionel Morales viaj\u00f3 el pasado s\u00e1bado a Canad\u00e1 para participar en una prueba de la temporada de las Series Mundiales de Paratriatl\u00f3n, completando la \u2018Edmonton ITU World Paratriathlon Event\u2019 como segundo clasificado de la categor\u00eda PT2. &nbsp; Lionel Morales consigui\u00f3 la medalla de plata con un tiempo [&hellip;]<\/p>\n","protected":false},"author":2,"featured_media":0,"comment_status":"closed","ping_status":"closed","sticky":false,"template":"","format":"standard","meta":{"footnotes":""},"categories":[17,11],"tags":[],"class_list":["post-2423","post","type-post","status-publish","format-standard","hentry","category-deportes","category-hoja-de-haria"],"_links":{"self":[{"href":"https:\/\/www.ayuntamientodeharia.com\/haria\/wp-json\/wp\/v2\/posts\/2423","targetHints":{"allow":["GET"]}}],"collection":[{"href":"https:\/\/www.ayuntamientodeharia.com\/haria\/wp-json\/wp\/v2\/posts"}],"about":[{"href":"https:\/\/www.ayuntamientodeharia.com\/haria\/wp-json\/wp\/v2\/types\/post"}],"author":[{"embeddable":true,"href":"https:\/\/www.ayuntamientodeharia.com\/haria\/wp-json\/wp\/v2\/users\/2"}],"replies":[{"embeddable":true,"href":"https:\/\/www.ayuntamientodeharia.com\/haria\/wp-json\/wp\/v2\/comments?post=2423"}],"version-history":[{"count":0,"href":"https:\/\/www.ayuntamientodeharia.com\/haria\/wp-json\/wp\/v2\/posts\/2423\/revisions"}],"wp:attachment":[{"href":"https:\/\/www.ayuntamientodeharia.com\/haria\/wp-json\/wp\/v2\/media?parent=2423"}],"wp:term":[{"taxonomy":"category","embeddable":true,"href":"https:\/\/www.ayuntamientodeharia.com\/haria\/wp-json\/wp\/v2\/categories?post=2423"},{"taxonomy":"post_tag","embeddable":true,"href":"https:\/\/www.ayuntamientodeharia.com\/haria\/wp-json\/wp\/v2\/tags?post=2423"}],"curies":[{"name":"wp","href":"https:\/\/api.w.org\/{rel}","templated":true}]}}