{"id":2421,"date":"2015-09-11T12:19:28","date_gmt":"2015-09-11T12:19:28","guid":{"rendered":"http:\/\/www.ayuntamientodeharia.com\/haria\/?p=2421"},"modified":"2015-09-11T12:19:28","modified_gmt":"2015-09-11T12:19:28","slug":"semana-cultural-de-los-amigos-del-vino-y-el-queso-de-lanzarote-2","status":"publish","type":"post","link":"https:\/\/www.ayuntamientodeharia.com\/haria\/semana-cultural-de-los-amigos-del-vino-y-el-queso-de-lanzarote-2\/","title":{"rendered":"Semana cultural de los Amigos del Vino y el Queso de Lanzarote"},"content":{"rendered":"<p>La Concejal\u00eda de Agricultura informa a los ganaderos y agricultores del municipio de que se contin\u00faa desarrollando la Semana Cultural organizada por la Asociaci\u00f3n de Amigos del Vino y el Queso de Lanzarote.<\/p>\n<p>&nbsp;<\/p>\n<p><strong>Viernes, 11 de septiembre: <\/strong><\/p>\n<p>Conferencia \u2018Naturaleza, Sector Primario y Turismo en Lanzarote\u2019, en el CSC LA Tegala de Har\u00eda, a las 20:00 horas, con asistencia libre, impartida por Alejandro Gonz\u00e1lez Morales, profesor de la ULPGC.<\/p>\n<p>&nbsp;<\/p>\n<p><strong>Domingo, 13 de septiembre: <\/strong><\/p>\n<p>Almuerzo para agricultores, ganaderos y pescadores de la Isla en el Restaurante Los Cascajos de Har\u00eda, a las 13:00 horas. Inscripci\u00f3n hasta el 11 de septiembre a un precio de 15 euros. Actuaci\u00f3n de la Parranda Los Gurfines<\/p>\n","protected":false},"excerpt":{"rendered":"<p>La Concejal\u00eda de Agricultura informa a los ganaderos y agricultores del municipio de que se contin\u00faa desarrollando la Semana Cultural organizada por la Asociaci\u00f3n de Amigos del Vino y el Queso de Lanzarote. &nbsp; Viernes, 11 de septiembre: Conferencia \u2018Naturaleza, Sector Primario y Turismo en Lanzarote\u2019, en el CSC LA Tegala de Har\u00eda, a las [&hellip;]<\/p>\n","protected":false},"author":2,"featured_media":0,"comment_status":"closed","ping_status":"closed","sticky":false,"template":"","format":"standard","meta":{"footnotes":""},"categories":[20,11],"tags":[],"class_list":["post-2421","post","type-post","status-publish","format-standard","hentry","category-agricultura","category-hoja-de-haria"],"_links":{"self":[{"href":"https:\/\/www.ayuntamientodeharia.com\/haria\/wp-json\/wp\/v2\/posts\/2421","targetHints":{"allow":["GET"]}}],"collection":[{"href":"https:\/\/www.ayuntamientodeharia.com\/haria\/wp-json\/wp\/v2\/posts"}],"about":[{"href":"https:\/\/www.ayuntamientodeharia.com\/haria\/wp-json\/wp\/v2\/types\/post"}],"author":[{"embeddable":true,"href":"https:\/\/www.ayuntamientodeharia.com\/haria\/wp-json\/wp\/v2\/users\/2"}],"replies":[{"embeddable":true,"href":"https:\/\/www.ayuntamientodeharia.com\/haria\/wp-json\/wp\/v2\/comments?post=2421"}],"version-history":[{"count":0,"href":"https:\/\/www.ayuntamientodeharia.com\/haria\/wp-json\/wp\/v2\/posts\/2421\/revisions"}],"wp:attachment":[{"href":"https:\/\/www.ayuntamientodeharia.com\/haria\/wp-json\/wp\/v2\/media?parent=2421"}],"wp:term":[{"taxonomy":"category","embeddable":true,"href":"https:\/\/www.ayuntamientodeharia.com\/haria\/wp-json\/wp\/v2\/categories?post=2421"},{"taxonomy":"post_tag","embeddable":true,"href":"https:\/\/www.ayuntamientodeharia.com\/haria\/wp-json\/wp\/v2\/tags?post=2421"}],"curies":[{"name":"wp","href":"https:\/\/api.w.org\/{rel}","templated":true}]}}