{"id":2418,"date":"2015-09-11T12:16:55","date_gmt":"2015-09-11T12:16:55","guid":{"rendered":"http:\/\/www.ayuntamientodeharia.com\/haria\/?p=2418"},"modified":"2015-09-11T12:16:55","modified_gmt":"2015-09-11T12:16:55","slug":"fiestas-de-las-mercedes-mala-2015","status":"publish","type":"post","link":"https:\/\/www.ayuntamientodeharia.com\/haria\/fiestas-de-las-mercedes-mala-2015\/","title":{"rendered":"Fiestas de las Mercedes \u2013 Mala 2015"},"content":{"rendered":"<p><strong>Jueves, 17 de septiembre<\/strong><\/p>\n<p>19:30h.: Sorteo y comienzo del Campeonato de Truco y del Campeonato de Chinch\u00f3n.<\/p>\n<p>&nbsp;<\/p>\n<p><strong>Viernes, 18 de septiembre<\/strong><\/p>\n<p>19:30h.: Sorteo y comienzo del Campeonato de Bola Mixta.<\/p>\n<p>21:30h.: Play Back a cargo de los vecinos del pueblo en la Sociedad Renacimiento de Mala.<\/p>\n<p>23:00h.: Asalto con el grupo Los Conejeros en la Sociedad Renacimiento de Mala.<\/p>\n<p>&nbsp;<\/p>\n<p><strong>S\u00e1bado, 19 de septiembre<\/strong><\/p>\n<p>19:30h.: Romer\u00eda en honor a Nuestra Se\u00f1ora de Las Mercedes.<\/p>\n<p>21:00h.: Baile del Romero amenizado por la parranda Pal Porr\u00f3n en la Sociedad Renacimiento de Mala.<\/p>\n<p><!--more--><\/p>\n<p><strong>Domingo, 20 de septiembr<\/strong>e<\/p>\n<p>11:00h.: Ma\u00f1ana Infantil con colchoneta acu\u00e1tica y talleres en la Sociedad Renacimiento de Mala.<\/p>\n<p>19:00h.: Bingo sorpresa en la Sociedad Renacimiento de Mala.<\/p>\n<p>&nbsp;<\/p>\n<p><strong>Lunes, 21 de septiembre<\/strong><\/p>\n<p>19:00h.: Sorteo y comienzo del Campeonato de Ronda y sorteo y comienzo del Campeonato de Napolitana.<\/p>\n<p>19:30h.: Concurso de tortillas en la Sociedad Renacimiento de Mala.<\/p>\n<p>&nbsp;<\/p>\n<p><strong>Martes, 22 de septiembre<\/strong><\/p>\n<p>18:00h.: Concurso de postres en la Sociedad Renacimiento de Mala.<\/p>\n<p>19:30h.: Sorteo y comienzo del Campeonato del Envite y del Campeonato de Cinquillo.<\/p>\n<p>&nbsp;<\/p>\n<p><strong>Mi\u00e9rcoles, 23 de septiembre<\/strong><\/p>\n<p>21:30h.: Zumba en la Sociedad Renacimiento de Mala.<\/p>\n<p>21:00H.: Proyecci\u00f3n de Cine en la Sociedad Renacimiento de Mala.<\/p>\n<p>&nbsp;<\/p>\n<p><strong>Jueves, 24 de septiembre<\/strong><\/p>\n<p>17:00-21:00h.: Recogida de dorsales de la cuarta edici\u00f3n de la carrera solidaria \u2018Cochinilla Trail\u2019.<\/p>\n<p>19:00h.: Misa cantada por el grupo Alborada en honor a Nuestra Se\u00f1ora de Las Mercedes. A continuaci\u00f3n, procesi\u00f3n por las calles del pueblo de Mala.<\/p>\n<p>21:00h.: Actuaci\u00f3n de la Escuela de Bailes Latinos El Norte en la Sociedad Renacimiento de Mala.<\/p>\n<p>&nbsp;<\/p>\n<p><strong>Viernes, 25 de septiembre <\/strong><\/p>\n<p>17:00-21:00h.: Recogida de dorsales de la cuarta edici\u00f3n de la carrera solidaria \u2018Cochinilla Trail\u2019.<\/p>\n<p>21:30h.: Pase de modelos y peinados en la Sociedad Renacimiento de Mala.<\/p>\n<p>&nbsp;<\/p>\n<p><strong>S\u00e1bado, 26 de septiembre<\/strong><\/p>\n<p>17:00 h.: Cuarta edici\u00f3n de la carrera solidaria \u2018Cochinilla Trail\u2019.<\/p>\n<p>23:00h.: Verbena amenizada por el grupo Los Conejeros en la Sociedad Renacimiento de Mala.<\/p>\n<p>&nbsp;<\/p>\n<p><strong>Domingo, 27 de septiembre<\/strong><\/p>\n<p>18:00h.: Fin de fiestas con guateque y picoteo en la Sociedad Renacimiento de Mala.<\/p>\n<p>22:00h.: Fuegos artificiales<\/p>\n","protected":false},"excerpt":{"rendered":"<p>Jueves, 17 de septiembre 19:30h.: Sorteo y comienzo del Campeonato de Truco y del Campeonato de Chinch\u00f3n. &nbsp; Viernes, 18 de septiembre 19:30h.: Sorteo y comienzo del Campeonato de Bola Mixta. 21:30h.: Play Back a cargo de los vecinos del pueblo en la Sociedad Renacimiento de Mala. 23:00h.: Asalto con el grupo Los Conejeros en [&hellip;]<\/p>\n","protected":false},"author":2,"featured_media":0,"comment_status":"closed","ping_status":"closed","sticky":false,"template":"","format":"standard","meta":{"footnotes":""},"categories":[15,11],"tags":[],"class_list":["post-2418","post","type-post","status-publish","format-standard","hentry","category-festejos","category-hoja-de-haria"],"_links":{"self":[{"href":"https:\/\/www.ayuntamientodeharia.com\/haria\/wp-json\/wp\/v2\/posts\/2418","targetHints":{"allow":["GET"]}}],"collection":[{"href":"https:\/\/www.ayuntamientodeharia.com\/haria\/wp-json\/wp\/v2\/posts"}],"about":[{"href":"https:\/\/www.ayuntamientodeharia.com\/haria\/wp-json\/wp\/v2\/types\/post"}],"author":[{"embeddable":true,"href":"https:\/\/www.ayuntamientodeharia.com\/haria\/wp-json\/wp\/v2\/users\/2"}],"replies":[{"embeddable":true,"href":"https:\/\/www.ayuntamientodeharia.com\/haria\/wp-json\/wp\/v2\/comments?post=2418"}],"version-history":[{"count":0,"href":"https:\/\/www.ayuntamientodeharia.com\/haria\/wp-json\/wp\/v2\/posts\/2418\/revisions"}],"wp:attachment":[{"href":"https:\/\/www.ayuntamientodeharia.com\/haria\/wp-json\/wp\/v2\/media?parent=2418"}],"wp:term":[{"taxonomy":"category","embeddable":true,"href":"https:\/\/www.ayuntamientodeharia.com\/haria\/wp-json\/wp\/v2\/categories?post=2418"},{"taxonomy":"post_tag","embeddable":true,"href":"https:\/\/www.ayuntamientodeharia.com\/haria\/wp-json\/wp\/v2\/tags?post=2418"}],"curies":[{"name":"wp","href":"https:\/\/api.w.org\/{rel}","templated":true}]}}