{"id":2416,"date":"2015-09-11T12:13:04","date_gmt":"2015-09-11T12:13:04","guid":{"rendered":"http:\/\/www.ayuntamientodeharia.com\/haria\/?p=2416"},"modified":"2015-09-11T12:13:04","modified_gmt":"2015-09-11T12:13:04","slug":"sara-niz-se-hace-con-un-nuevo-titulo-en-antigua","status":"publish","type":"post","link":"https:\/\/www.ayuntamientodeharia.com\/haria\/sara-niz-se-hace-con-un-nuevo-titulo-en-antigua\/","title":{"rendered":"Sara Niz se hace con un nuevo t\u00edtulo en Antigua"},"content":{"rendered":"<p><a href=\"http:\/\/www.ayuntamientodeharia.com\/haria\/wp-content\/uploads\/2015\/09\/sara-niz.jpg\"><img fetchpriority=\"high\" decoding=\"async\" class=\"alignleft size-medium wp-image-2400\" src=\"http:\/\/www.ayuntamientodeharia.com\/haria\/wp-content\/uploads\/2015\/09\/sara-niz-237x300.jpg\" alt=\"sara niz\" width=\"237\" height=\"300\" srcset=\"https:\/\/www.ayuntamientodeharia.com\/haria\/wp-content\/uploads\/2015\/09\/sara-niz-237x300.jpg 237w, https:\/\/www.ayuntamientodeharia.com\/haria\/wp-content\/uploads\/2015\/09\/sara-niz.jpg 441w\" sizes=\"(max-width: 237px) 100vw, 237px\" \/><\/a>La joven portera Sara Niz se ha proclamado campeona en categor\u00eda alev\u00edn con su equipo, el CD Mar\u00edtima, en el \u2018I Torneo de F\u00fatbol Base Nuestra Se\u00f1ora de Antigua\u2019, organizado por el Atl\u00e9tico Balomp\u00e9dica de Antigua, que tuvo lugar el pasado s\u00e1bado, 5 de septiembre, en la isla de Fuerteventura.<\/p>\n<p>&nbsp;<\/p>\n<p>Desde el Ayuntamiento de Har\u00eda se felicita a esta joven deportista del municipio por un nuevo t\u00edtulo y por su trayectoria deportiva pese a su corta edad, augur\u00e1ndole nuevos \u00e9xitos en el futuro<\/p>\n","protected":false},"excerpt":{"rendered":"<p>La joven portera Sara Niz se ha proclamado campeona en categor\u00eda alev\u00edn con su equipo, el CD Mar\u00edtima, en el \u2018I Torneo de F\u00fatbol Base Nuestra Se\u00f1ora de Antigua\u2019, organizado por el Atl\u00e9tico Balomp\u00e9dica de Antigua, que tuvo lugar el pasado s\u00e1bado, 5 de septiembre, en la isla de Fuerteventura. &nbsp; Desde el Ayuntamiento de [&hellip;]<\/p>\n","protected":false},"author":2,"featured_media":0,"comment_status":"closed","ping_status":"closed","sticky":false,"template":"","format":"standard","meta":{"footnotes":""},"categories":[17,11],"tags":[],"class_list":["post-2416","post","type-post","status-publish","format-standard","hentry","category-deportes","category-hoja-de-haria"],"_links":{"self":[{"href":"https:\/\/www.ayuntamientodeharia.com\/haria\/wp-json\/wp\/v2\/posts\/2416","targetHints":{"allow":["GET"]}}],"collection":[{"href":"https:\/\/www.ayuntamientodeharia.com\/haria\/wp-json\/wp\/v2\/posts"}],"about":[{"href":"https:\/\/www.ayuntamientodeharia.com\/haria\/wp-json\/wp\/v2\/types\/post"}],"author":[{"embeddable":true,"href":"https:\/\/www.ayuntamientodeharia.com\/haria\/wp-json\/wp\/v2\/users\/2"}],"replies":[{"embeddable":true,"href":"https:\/\/www.ayuntamientodeharia.com\/haria\/wp-json\/wp\/v2\/comments?post=2416"}],"version-history":[{"count":0,"href":"https:\/\/www.ayuntamientodeharia.com\/haria\/wp-json\/wp\/v2\/posts\/2416\/revisions"}],"wp:attachment":[{"href":"https:\/\/www.ayuntamientodeharia.com\/haria\/wp-json\/wp\/v2\/media?parent=2416"}],"wp:term":[{"taxonomy":"category","embeddable":true,"href":"https:\/\/www.ayuntamientodeharia.com\/haria\/wp-json\/wp\/v2\/categories?post=2416"},{"taxonomy":"post_tag","embeddable":true,"href":"https:\/\/www.ayuntamientodeharia.com\/haria\/wp-json\/wp\/v2\/tags?post=2416"}],"curies":[{"name":"wp","href":"https:\/\/api.w.org\/{rel}","templated":true}]}}