{"id":2410,"date":"2015-09-11T12:10:41","date_gmt":"2015-09-11T12:10:41","guid":{"rendered":"http:\/\/www.ayuntamientodeharia.com\/haria\/?p=2410"},"modified":"2015-09-11T12:10:41","modified_gmt":"2015-09-11T12:10:41","slug":"comienzan-las-clases-en-el-ies-haria","status":"publish","type":"post","link":"https:\/\/www.ayuntamientodeharia.com\/haria\/comienzan-las-clases-en-el-ies-haria\/","title":{"rendered":"Comienzan las clases en el IES Har\u00eda"},"content":{"rendered":"<p>El lunes, 14 de septiembre, los alumnos del Instituto de Har\u00eda deber\u00e1n permanecer en el Centro de 9:30 a 13:00 horas para la presentaci\u00f3n de los diferentes cursos, tanto de la ESO como de Bachillerato y Ciclo Formativo.<\/p>\n<p>&nbsp;<\/p>\n<p>Los equipos educativos se presentar\u00e1n a lo largo de la ma\u00f1ana e informar\u00e1n del material necesario para su materia. El transporte escolar pasar\u00e1 una hora m\u00e1s tarde por las paradas de costumbre.<\/p>\n","protected":false},"excerpt":{"rendered":"<p>El lunes, 14 de septiembre, los alumnos del Instituto de Har\u00eda deber\u00e1n permanecer en el Centro de 9:30 a 13:00 horas para la presentaci\u00f3n de los diferentes cursos, tanto de la ESO como de Bachillerato y Ciclo Formativo. &nbsp; Los equipos educativos se presentar\u00e1n a lo largo de la ma\u00f1ana e informar\u00e1n del material necesario [&hellip;]<\/p>\n","protected":false},"author":2,"featured_media":0,"comment_status":"closed","ping_status":"closed","sticky":false,"template":"","format":"standard","meta":{"footnotes":""},"categories":[19,11],"tags":[],"class_list":["post-2410","post","type-post","status-publish","format-standard","hentry","category-formacion","category-hoja-de-haria"],"_links":{"self":[{"href":"https:\/\/www.ayuntamientodeharia.com\/haria\/wp-json\/wp\/v2\/posts\/2410","targetHints":{"allow":["GET"]}}],"collection":[{"href":"https:\/\/www.ayuntamientodeharia.com\/haria\/wp-json\/wp\/v2\/posts"}],"about":[{"href":"https:\/\/www.ayuntamientodeharia.com\/haria\/wp-json\/wp\/v2\/types\/post"}],"author":[{"embeddable":true,"href":"https:\/\/www.ayuntamientodeharia.com\/haria\/wp-json\/wp\/v2\/users\/2"}],"replies":[{"embeddable":true,"href":"https:\/\/www.ayuntamientodeharia.com\/haria\/wp-json\/wp\/v2\/comments?post=2410"}],"version-history":[{"count":0,"href":"https:\/\/www.ayuntamientodeharia.com\/haria\/wp-json\/wp\/v2\/posts\/2410\/revisions"}],"wp:attachment":[{"href":"https:\/\/www.ayuntamientodeharia.com\/haria\/wp-json\/wp\/v2\/media?parent=2410"}],"wp:term":[{"taxonomy":"category","embeddable":true,"href":"https:\/\/www.ayuntamientodeharia.com\/haria\/wp-json\/wp\/v2\/categories?post=2410"},{"taxonomy":"post_tag","embeddable":true,"href":"https:\/\/www.ayuntamientodeharia.com\/haria\/wp-json\/wp\/v2\/tags?post=2410"}],"curies":[{"name":"wp","href":"https:\/\/api.w.org\/{rel}","templated":true}]}}