{"id":24073,"date":"2022-12-23T14:43:04","date_gmt":"2022-12-23T14:43:04","guid":{"rendered":"https:\/\/www.ayuntamientodeharia.com\/haria\/?p=24073"},"modified":"2022-12-23T14:43:04","modified_gmt":"2022-12-23T14:43:04","slug":"la-navidad-del-pueblo","status":"publish","type":"post","link":"https:\/\/www.ayuntamientodeharia.com\/haria\/la-navidad-del-pueblo\/","title":{"rendered":"La Navidad del pueblo"},"content":{"rendered":"<p>Tras unos a\u00f1os en los que la celebraci\u00f3n de la Navidad no pudo salir de nuestros hogares, llega el momento de volver a conquistar las calles, de disfrutar de nuestro pueblo y que las actividades llenen de alegr\u00eda nuestros rincones.<\/p>\n<p>Estas son unas semanas en las que los vecinos y vecinas vuelven a ser part\u00edcipes, y en las que las actuaciones musicales, teatro, narraci\u00f3n oral y talleres, son protagonistas de nuestro programa de actividades.<\/p>\n<p>Queremos animar a los harianos y harianas a participar en estas fiestas y a disfrutar de los distintos actos que con todo el cari\u00f1o e ilusi\u00f3n hemos preparado desde el Ayuntamiento, y que nos permita seguir el proceso de recuperaci\u00f3n social tras la pandemia.<\/p>\n<p>Estos actos permitir\u00e1n que la Navidad de Har\u00eda siga siendo distinta, en los que brille la solidaridad y la participaci\u00f3n de los vecinos y vecinas sea la estrella que gu\u00eda al municipio para seguir creciendo juntos.<\/p>\n<p>Son d\u00edas en los que las familias intentamos volver a juntarnos para recordar a los nuestros que ya no est\u00e1n y, sobre todo, para hacer balance de un a\u00f1o que est\u00e1 a punto de terminar.<\/p>\n<p>Que no sirva tambi\u00e9n a los responsables p\u00fablicos para hacer evaluaci\u00f3n de la labor que hacemos para mejorar el municipio y, a\u00fan m\u00e1s si cabe, para tomar conciencia de la necesidad de trabajar por y para nuestra gente.<\/p>\n<p>Terminamos el a\u00f1o sabiendo que tenemos grandes retos por delante, pero sintiendo, y espero que esto lo compartamos todos, que estos desaf\u00edos que hemos ido superando nos han fortalecido y nos permitir\u00e1n seguir creciendo como municipio.<\/p>\n<p>Es nuestra obligaci\u00f3n el seguir apostando por tener presentes los valores que nos hacen harianos y harianas, y a que nuestras convicciones las usemos para ayudar a la familia y a todos nuestros vecinos. Ese es el objetivo con el que cada d\u00eda trabajamos desde el Ayuntamiento de Har\u00eda.<\/p>\n<p>Ahora tenemos por delante el a\u00f1o en el que debemos afianzar el modelo de municipio que queremos, sin renunciar a los proyectos en los que hemos venido trabajando en los \u00faltimos a\u00f1os, permitiendo consolidar el modelo de municipio que todos unidos queremos dejar para nuestros hijos.<\/p>\n<p>Nuestro deseo desde el Ayuntamiento es que estas fiestas navide\u00f1as sigan siendo momentos especiales de reencuentro, de reflexi\u00f3n y para compartir.<\/p>\n<p>Por todo eso, y m\u00e1s que nunca, perm\u00edtanme que les desee lo mejor para este pr\u00f3ximo a\u00f1o 2023.<\/p>\n<p><strong>Evelia Garc\u00eda<\/strong><\/p>\n","protected":false},"excerpt":{"rendered":"<p>Tras unos a\u00f1os en los que la celebraci\u00f3n de la Navidad no pudo salir de nuestros hogares, llega el momento de volver a conquistar las calles, de disfrutar de nuestro pueblo y que las actividades llenen de alegr\u00eda nuestros rincones. Estas son unas semanas en las que los vecinos y vecinas vuelven a ser part\u00edcipes, [&hellip;]<\/p>\n","protected":false},"author":13,"featured_media":24074,"comment_status":"closed","ping_status":"closed","sticky":false,"template":"","format":"standard","meta":{"footnotes":""},"categories":[73,425,11],"tags":[],"class_list":["post-24073","post","type-post","status-publish","format-standard","has-post-thumbnail","hentry","category-alcaldia","category-destacado","category-hoja-de-haria"],"_links":{"self":[{"href":"https:\/\/www.ayuntamientodeharia.com\/haria\/wp-json\/wp\/v2\/posts\/24073","targetHints":{"allow":["GET"]}}],"collection":[{"href":"https:\/\/www.ayuntamientodeharia.com\/haria\/wp-json\/wp\/v2\/posts"}],"about":[{"href":"https:\/\/www.ayuntamientodeharia.com\/haria\/wp-json\/wp\/v2\/types\/post"}],"author":[{"embeddable":true,"href":"https:\/\/www.ayuntamientodeharia.com\/haria\/wp-json\/wp\/v2\/users\/13"}],"replies":[{"embeddable":true,"href":"https:\/\/www.ayuntamientodeharia.com\/haria\/wp-json\/wp\/v2\/comments?post=24073"}],"version-history":[{"count":2,"href":"https:\/\/www.ayuntamientodeharia.com\/haria\/wp-json\/wp\/v2\/posts\/24073\/revisions"}],"predecessor-version":[{"id":24076,"href":"https:\/\/www.ayuntamientodeharia.com\/haria\/wp-json\/wp\/v2\/posts\/24073\/revisions\/24076"}],"wp:featuredmedia":[{"embeddable":true,"href":"https:\/\/www.ayuntamientodeharia.com\/haria\/wp-json\/wp\/v2\/media\/24074"}],"wp:attachment":[{"href":"https:\/\/www.ayuntamientodeharia.com\/haria\/wp-json\/wp\/v2\/media?parent=24073"}],"wp:term":[{"taxonomy":"category","embeddable":true,"href":"https:\/\/www.ayuntamientodeharia.com\/haria\/wp-json\/wp\/v2\/categories?post=24073"},{"taxonomy":"post_tag","embeddable":true,"href":"https:\/\/www.ayuntamientodeharia.com\/haria\/wp-json\/wp\/v2\/tags?post=24073"}],"curies":[{"name":"wp","href":"https:\/\/api.w.org\/{rel}","templated":true}]}}