{"id":24070,"date":"2022-12-23T14:40:41","date_gmt":"2022-12-23T14:40:41","guid":{"rendered":"https:\/\/www.ayuntamientodeharia.com\/haria\/?p=24070"},"modified":"2022-12-23T14:40:41","modified_gmt":"2022-12-23T14:40:41","slug":"el-ayuntamiento-de-haria-defiende-los-derechos-de-los-pescadores-del-municipio-que-faenan-en-la-reserva-ante-el-ante-los-responsables-de-pesca","status":"publish","type":"post","link":"https:\/\/www.ayuntamientodeharia.com\/haria\/el-ayuntamiento-de-haria-defiende-los-derechos-de-los-pescadores-del-municipio-que-faenan-en-la-reserva-ante-el-ante-los-responsables-de-pesca\/","title":{"rendered":"El Ayuntamiento de Har\u00eda defiende los derechos de los pescadores del municipio que faenan en la reserva ante el ante los responsables de pesca"},"content":{"rendered":"<p>Representantes municipales del Ayuntamiento de Har\u00eda se reunieron esta semana con el Viceconsejero y el Director General de Pesca del Gobierno de Canarias, \u00c1lvaro de la Barcena y Carmelo Dorta, para tratar el nuevo Plan Rector de Uso y Gesti\u00f3n de la Reserva Pesquera del Archipi\u00e9lago Chinijo e islotes del Norte, que afecta directamente al uso de dicha reserva por parte de los\u00a0 pescadores profesionales y de recreo del municipio de Har\u00eda.<\/p>\n<p>En el transcurso de la reuni\u00f3n, los ediles norte\u00f1os les trasladaron a los responsables del Gobierno de Canarias las reivindicaciones\u00a0 de los profesionales del sector as\u00ed como la preocupaci\u00f3n e incertidumbre en la que se encuentran al ver temor al ver que puede peligrar su medio de vida.<\/p>\n<p>Desde el Consistorio norte\u00f1o se van a seguir defendiendo los derechos leg\u00edtimos que hist\u00f3ricamente le corresponden a los pescadores del municipio de Har\u00eda, ya que llevan faenando en dichas aguas desde antes de que se creara la reserva marina. Por ello se va a mantenar una pr\u00f3xima reuni\u00f3n con los responsables de pesca del Gobierno de Canarias el pr\u00f3ximo mes de enero.<\/p>\n","protected":false},"excerpt":{"rendered":"<p>Representantes municipales del Ayuntamiento de Har\u00eda se reunieron esta semana con el Viceconsejero y el Director General de Pesca del Gobierno de Canarias, \u00c1lvaro de la Barcena y Carmelo Dorta, para tratar el nuevo Plan Rector de Uso y Gesti\u00f3n de la Reserva Pesquera del Archipi\u00e9lago Chinijo e islotes del Norte, que afecta directamente al [&hellip;]<\/p>\n","protected":false},"author":13,"featured_media":24071,"comment_status":"closed","ping_status":"closed","sticky":false,"template":"","format":"standard","meta":{"footnotes":""},"categories":[425,11,58],"tags":[],"class_list":["post-24070","post","type-post","status-publish","format-standard","has-post-thumbnail","hentry","category-destacado","category-hoja-de-haria","category-pesca"],"_links":{"self":[{"href":"https:\/\/www.ayuntamientodeharia.com\/haria\/wp-json\/wp\/v2\/posts\/24070","targetHints":{"allow":["GET"]}}],"collection":[{"href":"https:\/\/www.ayuntamientodeharia.com\/haria\/wp-json\/wp\/v2\/posts"}],"about":[{"href":"https:\/\/www.ayuntamientodeharia.com\/haria\/wp-json\/wp\/v2\/types\/post"}],"author":[{"embeddable":true,"href":"https:\/\/www.ayuntamientodeharia.com\/haria\/wp-json\/wp\/v2\/users\/13"}],"replies":[{"embeddable":true,"href":"https:\/\/www.ayuntamientodeharia.com\/haria\/wp-json\/wp\/v2\/comments?post=24070"}],"version-history":[{"count":1,"href":"https:\/\/www.ayuntamientodeharia.com\/haria\/wp-json\/wp\/v2\/posts\/24070\/revisions"}],"predecessor-version":[{"id":24072,"href":"https:\/\/www.ayuntamientodeharia.com\/haria\/wp-json\/wp\/v2\/posts\/24070\/revisions\/24072"}],"wp:featuredmedia":[{"embeddable":true,"href":"https:\/\/www.ayuntamientodeharia.com\/haria\/wp-json\/wp\/v2\/media\/24071"}],"wp:attachment":[{"href":"https:\/\/www.ayuntamientodeharia.com\/haria\/wp-json\/wp\/v2\/media?parent=24070"}],"wp:term":[{"taxonomy":"category","embeddable":true,"href":"https:\/\/www.ayuntamientodeharia.com\/haria\/wp-json\/wp\/v2\/categories?post=24070"},{"taxonomy":"post_tag","embeddable":true,"href":"https:\/\/www.ayuntamientodeharia.com\/haria\/wp-json\/wp\/v2\/tags?post=24070"}],"curies":[{"name":"wp","href":"https:\/\/api.w.org\/{rel}","templated":true}]}}