{"id":24066,"date":"2022-12-23T14:34:41","date_gmt":"2022-12-23T14:34:41","guid":{"rendered":"https:\/\/www.ayuntamientodeharia.com\/haria\/?p=24066"},"modified":"2022-12-23T14:34:41","modified_gmt":"2022-12-23T14:34:41","slug":"mas-de-un-centenar-de-personas-participan-en-el-almuerzo-navideno-para-los-mayores-de-haria","status":"publish","type":"post","link":"https:\/\/www.ayuntamientodeharia.com\/haria\/mas-de-un-centenar-de-personas-participan-en-el-almuerzo-navideno-para-los-mayores-de-haria\/","title":{"rendered":"M\u00e1s de un centenar de personas participan en el almuerzo navide\u00f1o para los mayores de Har\u00eda"},"content":{"rendered":"<p>El Ayuntamiento de Har\u00eda celebr\u00f3 durante esta semana el almuerzo navide\u00f1o para los mayores del municipio. M\u00e1s de un centenar de personas disfrutaron de esta comida de confraternizaci\u00f3n que tuvo lugar en el Monumento al Campesino.<\/p>\n<p>La alcaldesa de Har\u00eda, Evelia Garc\u00eda, agradeci\u00f3 la gran acogida y participaci\u00f3n en el tradicional almuerzo navide\u00f1o y les dese\u00f3 a todas las personas que acudieron unas felices fiestas y un pr\u00f3spero a\u00f1o nuevo. \u201cEsto nos anima a volver a organizar este tipo de comidas en futuras fiestas navide\u00f1as y esperemos que les volvamos a ver en pr\u00f3ximos almuerzos\u201d, concluy\u00f3 Garc\u00eda.<\/p>\n<p>Los asistentes disfrutaron de un posterior baile, adem\u00e1s del extraordinario almuerzo en uno de los Centros Tur\u00edsticos m\u00e1s emblem\u00e1ticos de la Isla.<\/p>\n","protected":false},"excerpt":{"rendered":"<p>El Ayuntamiento de Har\u00eda celebr\u00f3 durante esta semana el almuerzo navide\u00f1o para los mayores del municipio. M\u00e1s de un centenar de personas disfrutaron de esta comida de confraternizaci\u00f3n que tuvo lugar en el Monumento al Campesino. La alcaldesa de Har\u00eda, Evelia Garc\u00eda, agradeci\u00f3 la gran acogida y participaci\u00f3n en el tradicional almuerzo navide\u00f1o y les [&hellip;]<\/p>\n","protected":false},"author":13,"featured_media":24067,"comment_status":"closed","ping_status":"closed","sticky":false,"template":"","format":"standard","meta":{"footnotes":""},"categories":[425,11,61],"tags":[],"class_list":["post-24066","post","type-post","status-publish","format-standard","has-post-thumbnail","hentry","category-destacado","category-hoja-de-haria","category-tercera-edad"],"_links":{"self":[{"href":"https:\/\/www.ayuntamientodeharia.com\/haria\/wp-json\/wp\/v2\/posts\/24066","targetHints":{"allow":["GET"]}}],"collection":[{"href":"https:\/\/www.ayuntamientodeharia.com\/haria\/wp-json\/wp\/v2\/posts"}],"about":[{"href":"https:\/\/www.ayuntamientodeharia.com\/haria\/wp-json\/wp\/v2\/types\/post"}],"author":[{"embeddable":true,"href":"https:\/\/www.ayuntamientodeharia.com\/haria\/wp-json\/wp\/v2\/users\/13"}],"replies":[{"embeddable":true,"href":"https:\/\/www.ayuntamientodeharia.com\/haria\/wp-json\/wp\/v2\/comments?post=24066"}],"version-history":[{"count":2,"href":"https:\/\/www.ayuntamientodeharia.com\/haria\/wp-json\/wp\/v2\/posts\/24066\/revisions"}],"predecessor-version":[{"id":24069,"href":"https:\/\/www.ayuntamientodeharia.com\/haria\/wp-json\/wp\/v2\/posts\/24066\/revisions\/24069"}],"wp:featuredmedia":[{"embeddable":true,"href":"https:\/\/www.ayuntamientodeharia.com\/haria\/wp-json\/wp\/v2\/media\/24067"}],"wp:attachment":[{"href":"https:\/\/www.ayuntamientodeharia.com\/haria\/wp-json\/wp\/v2\/media?parent=24066"}],"wp:term":[{"taxonomy":"category","embeddable":true,"href":"https:\/\/www.ayuntamientodeharia.com\/haria\/wp-json\/wp\/v2\/categories?post=24066"},{"taxonomy":"post_tag","embeddable":true,"href":"https:\/\/www.ayuntamientodeharia.com\/haria\/wp-json\/wp\/v2\/tags?post=24066"}],"curies":[{"name":"wp","href":"https:\/\/api.w.org\/{rel}","templated":true}]}}