{"id":24062,"date":"2022-12-23T14:33:12","date_gmt":"2022-12-23T14:33:12","guid":{"rendered":"https:\/\/www.ayuntamientodeharia.com\/haria\/?p=24062"},"modified":"2022-12-23T14:33:12","modified_gmt":"2022-12-23T14:33:12","slug":"aroa-galiano-martin-y-valeria-delgado-matos-ganadoras-del-concurso-de-dibujo-infantil","status":"publish","type":"post","link":"https:\/\/www.ayuntamientodeharia.com\/haria\/aroa-galiano-martin-y-valeria-delgado-matos-ganadoras-del-concurso-de-dibujo-infantil\/","title":{"rendered":"Aroa Galiano Mart\u00edn y Valeria Delgado Matos, ganadoras del Concurso de Dibujo Infantil"},"content":{"rendered":"<p>El Ayuntamiento de Har\u00eda comunica que las dos alumnas del CEIP San Juan de Har\u00eda Aroa Galiano Mart\u00edn y Valeria Delgado Matos han resultado ganadoras del Concurso de Dibujo Infantil \u2018Qu\u00e9 sientes en Navidad\u2019. Este ha sido organizado por el Consistorio en el marco de las actividades navide\u00f1as, con el fin de fomentar la participaci\u00f3n de los m\u00e1s peque\u00f1os.<\/p>\n<p>En esta edici\u00f3n han participado unos 154 alumnos y alumnas de los Centros de Educaci\u00f3n Infantil y Primaria del municipio.<\/p>\n<p>Los dibujos ganadores ilustrar\u00e1n el programa de la Fiestas de Navidad y Reyes de este a\u00f1o.<\/p>\n<p>Desde el Ayuntamiento de Har\u00eda, agradecemos y felicitamos a los escolares participantes en el concurso, en especial a las ni\u00f1as ganadoras, as\u00ed como a los docentes de los Centros por su apoyo y colaboraci\u00f3n.<\/p>\n","protected":false},"excerpt":{"rendered":"<p>El Ayuntamiento de Har\u00eda comunica que las dos alumnas del CEIP San Juan de Har\u00eda Aroa Galiano Mart\u00edn y Valeria Delgado Matos han resultado ganadoras del Concurso de Dibujo Infantil \u2018Qu\u00e9 sientes en Navidad\u2019. Este ha sido organizado por el Consistorio en el marco de las actividades navide\u00f1as, con el fin de fomentar la participaci\u00f3n [&hellip;]<\/p>\n","protected":false},"author":13,"featured_media":24063,"comment_status":"closed","ping_status":"closed","sticky":false,"template":"","format":"standard","meta":{"footnotes":""},"categories":[19,11],"tags":[],"class_list":["post-24062","post","type-post","status-publish","format-standard","has-post-thumbnail","hentry","category-formacion","category-hoja-de-haria"],"_links":{"self":[{"href":"https:\/\/www.ayuntamientodeharia.com\/haria\/wp-json\/wp\/v2\/posts\/24062","targetHints":{"allow":["GET"]}}],"collection":[{"href":"https:\/\/www.ayuntamientodeharia.com\/haria\/wp-json\/wp\/v2\/posts"}],"about":[{"href":"https:\/\/www.ayuntamientodeharia.com\/haria\/wp-json\/wp\/v2\/types\/post"}],"author":[{"embeddable":true,"href":"https:\/\/www.ayuntamientodeharia.com\/haria\/wp-json\/wp\/v2\/users\/13"}],"replies":[{"embeddable":true,"href":"https:\/\/www.ayuntamientodeharia.com\/haria\/wp-json\/wp\/v2\/comments?post=24062"}],"version-history":[{"count":2,"href":"https:\/\/www.ayuntamientodeharia.com\/haria\/wp-json\/wp\/v2\/posts\/24062\/revisions"}],"predecessor-version":[{"id":24065,"href":"https:\/\/www.ayuntamientodeharia.com\/haria\/wp-json\/wp\/v2\/posts\/24062\/revisions\/24065"}],"wp:featuredmedia":[{"embeddable":true,"href":"https:\/\/www.ayuntamientodeharia.com\/haria\/wp-json\/wp\/v2\/media\/24063"}],"wp:attachment":[{"href":"https:\/\/www.ayuntamientodeharia.com\/haria\/wp-json\/wp\/v2\/media?parent=24062"}],"wp:term":[{"taxonomy":"category","embeddable":true,"href":"https:\/\/www.ayuntamientodeharia.com\/haria\/wp-json\/wp\/v2\/categories?post=24062"},{"taxonomy":"post_tag","embeddable":true,"href":"https:\/\/www.ayuntamientodeharia.com\/haria\/wp-json\/wp\/v2\/tags?post=24062"}],"curies":[{"name":"wp","href":"https:\/\/api.w.org\/{rel}","templated":true}]}}