{"id":2406,"date":"2015-09-11T12:09:22","date_gmt":"2015-09-11T12:09:22","guid":{"rendered":"http:\/\/www.ayuntamientodeharia.com\/haria\/?p=2406"},"modified":"2015-09-11T12:09:22","modified_gmt":"2015-09-11T12:09:22","slug":"nueva-fecha-para-el-xi-encuentro-nocturno-del-motor","status":"publish","type":"post","link":"https:\/\/www.ayuntamientodeharia.com\/haria\/nueva-fecha-para-el-xi-encuentro-nocturno-del-motor\/","title":{"rendered":"Nueva fecha para el \u2018XI Encuentro Nocturno del Motor\u2019"},"content":{"rendered":"<p><a href=\"http:\/\/www.ayuntamientodeharia.com\/haria\/wp-content\/uploads\/2015\/09\/motocross.jpg\"><img fetchpriority=\"high\" decoding=\"async\" class=\"alignleft size-medium wp-image-2396\" src=\"http:\/\/www.ayuntamientodeharia.com\/haria\/wp-content\/uploads\/2015\/09\/motocross-212x300.jpg\" alt=\"motocross\" width=\"212\" height=\"300\" srcset=\"https:\/\/www.ayuntamientodeharia.com\/haria\/wp-content\/uploads\/2015\/09\/motocross-212x300.jpg 212w, https:\/\/www.ayuntamientodeharia.com\/haria\/wp-content\/uploads\/2015\/09\/motocross.jpg 483w\" sizes=\"(max-width: 212px) 100vw, 212px\" \/><\/a>El Ayuntamiento comunica que el \u2018XI Encuentro Nocturno del Motor\u2019 se celebrar\u00e1 finalmente el 19 de septiembre, a las 21:00 horas, en \u00d3rzola, despu\u00e9s de que fuese suspendido en su momento por el fallecimiento de un joven de 25 a\u00f1os que iba a participar en la prueba, enmarcada dentro del programa de fiestas de Santa Rosa de Lima.<\/p>\n","protected":false},"excerpt":{"rendered":"<p>El Ayuntamiento comunica que el \u2018XI Encuentro Nocturno del Motor\u2019 se celebrar\u00e1 finalmente el 19 de septiembre, a las 21:00 horas, en \u00d3rzola, despu\u00e9s de que fuese suspendido en su momento por el fallecimiento de un joven de 25 a\u00f1os que iba a participar en la prueba, enmarcada dentro del programa de fiestas de Santa [&hellip;]<\/p>\n","protected":false},"author":2,"featured_media":0,"comment_status":"closed","ping_status":"closed","sticky":false,"template":"","format":"standard","meta":{"footnotes":""},"categories":[17,15,11],"tags":[],"class_list":["post-2406","post","type-post","status-publish","format-standard","hentry","category-deportes","category-festejos","category-hoja-de-haria"],"_links":{"self":[{"href":"https:\/\/www.ayuntamientodeharia.com\/haria\/wp-json\/wp\/v2\/posts\/2406","targetHints":{"allow":["GET"]}}],"collection":[{"href":"https:\/\/www.ayuntamientodeharia.com\/haria\/wp-json\/wp\/v2\/posts"}],"about":[{"href":"https:\/\/www.ayuntamientodeharia.com\/haria\/wp-json\/wp\/v2\/types\/post"}],"author":[{"embeddable":true,"href":"https:\/\/www.ayuntamientodeharia.com\/haria\/wp-json\/wp\/v2\/users\/2"}],"replies":[{"embeddable":true,"href":"https:\/\/www.ayuntamientodeharia.com\/haria\/wp-json\/wp\/v2\/comments?post=2406"}],"version-history":[{"count":0,"href":"https:\/\/www.ayuntamientodeharia.com\/haria\/wp-json\/wp\/v2\/posts\/2406\/revisions"}],"wp:attachment":[{"href":"https:\/\/www.ayuntamientodeharia.com\/haria\/wp-json\/wp\/v2\/media?parent=2406"}],"wp:term":[{"taxonomy":"category","embeddable":true,"href":"https:\/\/www.ayuntamientodeharia.com\/haria\/wp-json\/wp\/v2\/categories?post=2406"},{"taxonomy":"post_tag","embeddable":true,"href":"https:\/\/www.ayuntamientodeharia.com\/haria\/wp-json\/wp\/v2\/tags?post=2406"}],"curies":[{"name":"wp","href":"https:\/\/api.w.org\/{rel}","templated":true}]}}