{"id":24058,"date":"2022-12-23T14:29:41","date_gmt":"2022-12-23T14:29:41","guid":{"rendered":"https:\/\/www.ayuntamientodeharia.com\/haria\/?p=24058"},"modified":"2022-12-23T14:29:41","modified_gmt":"2022-12-23T14:29:41","slug":"el-ayuntamiento-invita-a-la-poblacion-a-visitar-el-belen-de-haria","status":"publish","type":"post","link":"https:\/\/www.ayuntamientodeharia.com\/haria\/el-ayuntamiento-invita-a-la-poblacion-a-visitar-el-belen-de-haria\/","title":{"rendered":"El Ayuntamiento invita a la poblaci\u00f3n a visitar el bel\u00e9n de Har\u00eda"},"content":{"rendered":"<p>Har\u00eda ya cuenta con su tradicional bel\u00e9n navide\u00f1o.<\/p>\n<p>El Ayuntamiento inaugur\u00f3 la semana pasada esta obra dise\u00f1ada por el artesano Ram\u00f3n Afonso, que se encuentra en la Plaza de la Constituci\u00f3n, delante de la Casa Consistorial.<\/p>\n<p>La alcaldesa de Har\u00eda, Evelia Garc\u00eda, quien inaugur\u00f3 el bel\u00e9n junto a su dise\u00f1ador, agradeci\u00f3 el fenomenal trabajo del reconocido artesano Ram\u00f3n Afonso e invita a toda la poblaci\u00f3n norte\u00f1a y del resto de la Isla a visitar este gran atractivo de las fechas navide\u00f1as.<\/p>\n","protected":false},"excerpt":{"rendered":"<p>Har\u00eda ya cuenta con su tradicional bel\u00e9n navide\u00f1o. El Ayuntamiento inaugur\u00f3 la semana pasada esta obra dise\u00f1ada por el artesano Ram\u00f3n Afonso, que se encuentra en la Plaza de la Constituci\u00f3n, delante de la Casa Consistorial. La alcaldesa de Har\u00eda, Evelia Garc\u00eda, quien inaugur\u00f3 el bel\u00e9n junto a su dise\u00f1ador, agradeci\u00f3 el fenomenal trabajo del [&hellip;]<\/p>\n","protected":false},"author":13,"featured_media":24059,"comment_status":"closed","ping_status":"closed","sticky":false,"template":"","format":"standard","meta":{"footnotes":""},"categories":[73,425,11],"tags":[],"class_list":["post-24058","post","type-post","status-publish","format-standard","has-post-thumbnail","hentry","category-alcaldia","category-destacado","category-hoja-de-haria"],"_links":{"self":[{"href":"https:\/\/www.ayuntamientodeharia.com\/haria\/wp-json\/wp\/v2\/posts\/24058","targetHints":{"allow":["GET"]}}],"collection":[{"href":"https:\/\/www.ayuntamientodeharia.com\/haria\/wp-json\/wp\/v2\/posts"}],"about":[{"href":"https:\/\/www.ayuntamientodeharia.com\/haria\/wp-json\/wp\/v2\/types\/post"}],"author":[{"embeddable":true,"href":"https:\/\/www.ayuntamientodeharia.com\/haria\/wp-json\/wp\/v2\/users\/13"}],"replies":[{"embeddable":true,"href":"https:\/\/www.ayuntamientodeharia.com\/haria\/wp-json\/wp\/v2\/comments?post=24058"}],"version-history":[{"count":2,"href":"https:\/\/www.ayuntamientodeharia.com\/haria\/wp-json\/wp\/v2\/posts\/24058\/revisions"}],"predecessor-version":[{"id":24061,"href":"https:\/\/www.ayuntamientodeharia.com\/haria\/wp-json\/wp\/v2\/posts\/24058\/revisions\/24061"}],"wp:featuredmedia":[{"embeddable":true,"href":"https:\/\/www.ayuntamientodeharia.com\/haria\/wp-json\/wp\/v2\/media\/24059"}],"wp:attachment":[{"href":"https:\/\/www.ayuntamientodeharia.com\/haria\/wp-json\/wp\/v2\/media?parent=24058"}],"wp:term":[{"taxonomy":"category","embeddable":true,"href":"https:\/\/www.ayuntamientodeharia.com\/haria\/wp-json\/wp\/v2\/categories?post=24058"},{"taxonomy":"post_tag","embeddable":true,"href":"https:\/\/www.ayuntamientodeharia.com\/haria\/wp-json\/wp\/v2\/tags?post=24058"}],"curies":[{"name":"wp","href":"https:\/\/api.w.org\/{rel}","templated":true}]}}