{"id":24043,"date":"2022-12-23T14:22:32","date_gmt":"2022-12-23T14:22:32","guid":{"rendered":"https:\/\/www.ayuntamientodeharia.com\/haria\/?p=24043"},"modified":"2022-12-23T14:22:32","modified_gmt":"2022-12-23T14:22:32","slug":"el-ayuntamiento-convoca-a-vecinos-y-vecinas-de-tabayesco-a-una-reunion-para-la-organizacion-de-las-fiestas-de-nuestra-senora-de-candelaria","status":"publish","type":"post","link":"https:\/\/www.ayuntamientodeharia.com\/haria\/el-ayuntamiento-convoca-a-vecinos-y-vecinas-de-tabayesco-a-una-reunion-para-la-organizacion-de-las-fiestas-de-nuestra-senora-de-candelaria\/","title":{"rendered":"El Ayuntamiento convoca a vecinos y vecinas de Tabayesco a una reuni\u00f3n para la organizaci\u00f3n de las Fiestas de Nuestra Se\u00f1ora de Candelaria"},"content":{"rendered":"<p>El Ayuntamiento de Har\u00eda convoca a una reuni\u00f3n a los vecinos y vecinas del pueblo de Tabayesco, con el objetivo de coordinar y organizar las Fiestas de Nuestra Se\u00f1ora de Candelaria.<\/p>\n<p>Las personas interesadas en colaborar deber\u00e1n asistir a la reuni\u00f3n que se celebrar\u00e1 el mi\u00e9rcoles, 28 de diciembre, a las 18:00 horas, en el Centro Sociocultural de Tabayesco.<\/p>\n","protected":false},"excerpt":{"rendered":"<p>El Ayuntamiento de Har\u00eda convoca a una reuni\u00f3n a los vecinos y vecinas del pueblo de Tabayesco, con el objetivo de coordinar y organizar las Fiestas de Nuestra Se\u00f1ora de Candelaria. Las personas interesadas en colaborar deber\u00e1n asistir a la reuni\u00f3n que se celebrar\u00e1 el mi\u00e9rcoles, 28 de diciembre, a las 18:00 horas, en el [&hellip;]<\/p>\n","protected":false},"author":13,"featured_media":24044,"comment_status":"closed","ping_status":"closed","sticky":false,"template":"","format":"standard","meta":{"footnotes":""},"categories":[32,15,11],"tags":[],"class_list":["post-24043","post","type-post","status-publish","format-standard","has-post-thumbnail","hentry","category-anuncios","category-festejos","category-hoja-de-haria"],"_links":{"self":[{"href":"https:\/\/www.ayuntamientodeharia.com\/haria\/wp-json\/wp\/v2\/posts\/24043","targetHints":{"allow":["GET"]}}],"collection":[{"href":"https:\/\/www.ayuntamientodeharia.com\/haria\/wp-json\/wp\/v2\/posts"}],"about":[{"href":"https:\/\/www.ayuntamientodeharia.com\/haria\/wp-json\/wp\/v2\/types\/post"}],"author":[{"embeddable":true,"href":"https:\/\/www.ayuntamientodeharia.com\/haria\/wp-json\/wp\/v2\/users\/13"}],"replies":[{"embeddable":true,"href":"https:\/\/www.ayuntamientodeharia.com\/haria\/wp-json\/wp\/v2\/comments?post=24043"}],"version-history":[{"count":1,"href":"https:\/\/www.ayuntamientodeharia.com\/haria\/wp-json\/wp\/v2\/posts\/24043\/revisions"}],"predecessor-version":[{"id":24045,"href":"https:\/\/www.ayuntamientodeharia.com\/haria\/wp-json\/wp\/v2\/posts\/24043\/revisions\/24045"}],"wp:featuredmedia":[{"embeddable":true,"href":"https:\/\/www.ayuntamientodeharia.com\/haria\/wp-json\/wp\/v2\/media\/24044"}],"wp:attachment":[{"href":"https:\/\/www.ayuntamientodeharia.com\/haria\/wp-json\/wp\/v2\/media?parent=24043"}],"wp:term":[{"taxonomy":"category","embeddable":true,"href":"https:\/\/www.ayuntamientodeharia.com\/haria\/wp-json\/wp\/v2\/categories?post=24043"},{"taxonomy":"post_tag","embeddable":true,"href":"https:\/\/www.ayuntamientodeharia.com\/haria\/wp-json\/wp\/v2\/tags?post=24043"}],"curies":[{"name":"wp","href":"https:\/\/api.w.org\/{rel}","templated":true}]}}