{"id":23953,"date":"2022-11-25T13:28:20","date_gmt":"2022-11-25T13:28:20","guid":{"rendered":"https:\/\/www.ayuntamientodeharia.com\/haria\/?p=23953"},"modified":"2022-11-25T13:28:20","modified_gmt":"2022-11-25T13:28:20","slug":"lionel-morales-conquista-la-medalla-de-plata-en-el-mundial-de-paratriatlon","status":"publish","type":"post","link":"https:\/\/www.ayuntamientodeharia.com\/haria\/lionel-morales-conquista-la-medalla-de-plata-en-el-mundial-de-paratriatlon\/","title":{"rendered":"Lionel Morales conquista la medalla de plata en el mundial de paratriatl\u00f3n"},"content":{"rendered":"<p>El Ayuntamiento de Har\u00eda felicita al deportista y vecino norte\u00f1o Lionel Morales por conquistar la medalla de plata en el mundial de paratriatl\u00f3n. Nuevamente el paratriatleta particip\u00f3 en un Campeonato Mundial, en esta ocasi\u00f3n celebrado en Abu Dhabi, imponi\u00e9ndose y consiguiendo un gran resultado para cerrar la temporada.<br \/>\nDesde el Ayuntamiento, trasladamos nuestras felicitaciones por seguir logrando \u00e9xitos deportivos y resultados que enorgullecen a Har\u00eda y a la isla de Lanzarote.<\/p>\n","protected":false},"excerpt":{"rendered":"<p>El Ayuntamiento de Har\u00eda felicita al deportista y vecino norte\u00f1o Lionel Morales por conquistar la medalla de plata en el mundial de paratriatl\u00f3n. Nuevamente el paratriatleta particip\u00f3 en un Campeonato Mundial, en esta ocasi\u00f3n celebrado en Abu Dhabi, imponi\u00e9ndose y consiguiendo un gran resultado para cerrar la temporada. Desde el Ayuntamiento, trasladamos nuestras felicitaciones por [&hellip;]<\/p>\n","protected":false},"author":13,"featured_media":23954,"comment_status":"closed","ping_status":"closed","sticky":false,"template":"","format":"standard","meta":{"footnotes":""},"categories":[17,11],"tags":[],"class_list":["post-23953","post","type-post","status-publish","format-standard","has-post-thumbnail","hentry","category-deportes","category-hoja-de-haria"],"_links":{"self":[{"href":"https:\/\/www.ayuntamientodeharia.com\/haria\/wp-json\/wp\/v2\/posts\/23953","targetHints":{"allow":["GET"]}}],"collection":[{"href":"https:\/\/www.ayuntamientodeharia.com\/haria\/wp-json\/wp\/v2\/posts"}],"about":[{"href":"https:\/\/www.ayuntamientodeharia.com\/haria\/wp-json\/wp\/v2\/types\/post"}],"author":[{"embeddable":true,"href":"https:\/\/www.ayuntamientodeharia.com\/haria\/wp-json\/wp\/v2\/users\/13"}],"replies":[{"embeddable":true,"href":"https:\/\/www.ayuntamientodeharia.com\/haria\/wp-json\/wp\/v2\/comments?post=23953"}],"version-history":[{"count":1,"href":"https:\/\/www.ayuntamientodeharia.com\/haria\/wp-json\/wp\/v2\/posts\/23953\/revisions"}],"predecessor-version":[{"id":23955,"href":"https:\/\/www.ayuntamientodeharia.com\/haria\/wp-json\/wp\/v2\/posts\/23953\/revisions\/23955"}],"wp:featuredmedia":[{"embeddable":true,"href":"https:\/\/www.ayuntamientodeharia.com\/haria\/wp-json\/wp\/v2\/media\/23954"}],"wp:attachment":[{"href":"https:\/\/www.ayuntamientodeharia.com\/haria\/wp-json\/wp\/v2\/media?parent=23953"}],"wp:term":[{"taxonomy":"category","embeddable":true,"href":"https:\/\/www.ayuntamientodeharia.com\/haria\/wp-json\/wp\/v2\/categories?post=23953"},{"taxonomy":"post_tag","embeddable":true,"href":"https:\/\/www.ayuntamientodeharia.com\/haria\/wp-json\/wp\/v2\/tags?post=23953"}],"curies":[{"name":"wp","href":"https:\/\/api.w.org\/{rel}","templated":true}]}}