{"id":23950,"date":"2022-11-25T13:25:51","date_gmt":"2022-11-25T13:25:51","guid":{"rendered":"https:\/\/www.ayuntamientodeharia.com\/haria\/?p=23950"},"modified":"2022-11-25T13:25:51","modified_gmt":"2022-11-25T13:25:51","slug":"los-mas-pequenos-del-club-de-lucha-union-norte-participan-en-la-iii-edicion-del-fajin-fundacion-cajacanarias","status":"publish","type":"post","link":"https:\/\/www.ayuntamientodeharia.com\/haria\/los-mas-pequenos-del-club-de-lucha-union-norte-participan-en-la-iii-edicion-del-fajin-fundacion-cajacanarias\/","title":{"rendered":"Los m\u00e1s peque\u00f1os del Club de Lucha Uni\u00f3n Norte participan en la III edici\u00f3n del Faj\u00edn Fundaci\u00f3n CajaCanarias"},"content":{"rendered":"<p><span style=\"font-weight: 400;\">El Ayuntamiento de Har\u00eda felicita a los m\u00e1s peque\u00f1os del Club de Lucha Uni\u00f3n Norte, tras haber participado en la III edici\u00f3n del Faj\u00edn Fundaci\u00f3n CajaCanarias que por primera vez se traslad\u00f3 hasta Lanzarote.<\/span><\/p>\n<p>&nbsp;<\/p>\n<p><span style=\"font-weight: 400;\">Los luchadores de categor\u00eda prebenjam\u00edn, benjam\u00edn, alev\u00edn e infantil de la isla se dieron cita en el terrero de San Bartolom\u00e9 para disputar los campeonatos insulares.<\/span><\/p>\n<p>&nbsp;<\/p>\n<p><span style=\"font-weight: 400;\">Desde el Consistorio, damos nuestra enhorabuena al Club y en especial a la luchadora Amalia Noda, por haber conseguido el premio a la lucha m\u00e1s espectacular benjam\u00edn femenino \u2018Familia Olivero y Mart\u00edn\u2019 y al luchador Yerobe Cabrera por lograr la lucha m\u00e1s espectacular alev\u00edn masculino \u2018Carmelo Guill\u00e9n\u2019.<\/span><\/p>\n<p>&nbsp;<\/p>\n","protected":false},"excerpt":{"rendered":"<p>El Ayuntamiento de Har\u00eda felicita a los m\u00e1s peque\u00f1os del Club de Lucha Uni\u00f3n Norte, tras haber participado en la III edici\u00f3n del Faj\u00edn Fundaci\u00f3n CajaCanarias que por primera vez se traslad\u00f3 hasta Lanzarote. &nbsp; Los luchadores de categor\u00eda prebenjam\u00edn, benjam\u00edn, alev\u00edn e infantil de la isla se dieron cita en el terrero de San [&hellip;]<\/p>\n","protected":false},"author":13,"featured_media":23951,"comment_status":"closed","ping_status":"closed","sticky":false,"template":"","format":"standard","meta":{"footnotes":""},"categories":[17,11],"tags":[],"class_list":["post-23950","post","type-post","status-publish","format-standard","has-post-thumbnail","hentry","category-deportes","category-hoja-de-haria"],"_links":{"self":[{"href":"https:\/\/www.ayuntamientodeharia.com\/haria\/wp-json\/wp\/v2\/posts\/23950","targetHints":{"allow":["GET"]}}],"collection":[{"href":"https:\/\/www.ayuntamientodeharia.com\/haria\/wp-json\/wp\/v2\/posts"}],"about":[{"href":"https:\/\/www.ayuntamientodeharia.com\/haria\/wp-json\/wp\/v2\/types\/post"}],"author":[{"embeddable":true,"href":"https:\/\/www.ayuntamientodeharia.com\/haria\/wp-json\/wp\/v2\/users\/13"}],"replies":[{"embeddable":true,"href":"https:\/\/www.ayuntamientodeharia.com\/haria\/wp-json\/wp\/v2\/comments?post=23950"}],"version-history":[{"count":1,"href":"https:\/\/www.ayuntamientodeharia.com\/haria\/wp-json\/wp\/v2\/posts\/23950\/revisions"}],"predecessor-version":[{"id":23952,"href":"https:\/\/www.ayuntamientodeharia.com\/haria\/wp-json\/wp\/v2\/posts\/23950\/revisions\/23952"}],"wp:featuredmedia":[{"embeddable":true,"href":"https:\/\/www.ayuntamientodeharia.com\/haria\/wp-json\/wp\/v2\/media\/23951"}],"wp:attachment":[{"href":"https:\/\/www.ayuntamientodeharia.com\/haria\/wp-json\/wp\/v2\/media?parent=23950"}],"wp:term":[{"taxonomy":"category","embeddable":true,"href":"https:\/\/www.ayuntamientodeharia.com\/haria\/wp-json\/wp\/v2\/categories?post=23950"},{"taxonomy":"post_tag","embeddable":true,"href":"https:\/\/www.ayuntamientodeharia.com\/haria\/wp-json\/wp\/v2\/tags?post=23950"}],"curies":[{"name":"wp","href":"https:\/\/api.w.org\/{rel}","templated":true}]}}