{"id":23944,"date":"2022-11-25T13:22:06","date_gmt":"2022-11-25T13:22:06","guid":{"rendered":"https:\/\/www.ayuntamientodeharia.com\/haria\/?p=23944"},"modified":"2022-11-25T13:24:22","modified_gmt":"2022-11-25T13:24:22","slug":"haria-presenta-la-programacion-de-las-fiestas-de-maguez-en-honor-a-santa-barbara-2","status":"publish","type":"post","link":"https:\/\/www.ayuntamientodeharia.com\/haria\/haria-presenta-la-programacion-de-las-fiestas-de-maguez-en-honor-a-santa-barbara-2\/","title":{"rendered":"Har\u00eda presenta la programaci\u00f3n de las Fiestas de M\u00e1guez en Honor a Santa B\u00e1rbara"},"content":{"rendered":"<p><span style=\"font-weight: 400;\">El Ayuntamiento de Har\u00eda, a trav\u00e9s del \u00e1rea de Festejos, adelanta la programaci\u00f3n de las Fiestas de M\u00e1guez en Honor a Santa B\u00e1rbara, que se desarrollar\u00e1n del viernes 2 al 5 de diciembre.<\/span><\/p>\n<p><b>PROGRAMACI\u00d3N<\/b><\/p>\n<p><b>Viernes 02 de diciembre<\/b><\/p>\n<p><span style=\"font-weight: 400;\">10:00 horas. Engalamiento del pueblo.<\/span><\/p>\n<p><span style=\"font-weight: 400;\">20:00 horas. Preg\u00f3n a cargo de Don Francisco Figueroa Hern\u00e1ndez, \u2018Pancho El Cubano\u2019 y exposici\u00f3n de fotos.<\/span><\/p>\n<p><b>S\u00e1bado 03 de diciembre<\/b><\/p>\n<p><span style=\"font-weight: 400;\">18:00 horas. Comienzo del Campeonato de Ronda.<\/span><\/p>\n<p><span style=\"font-weight: 400;\">\u00a0<\/span><\/p>\n<p><span style=\"font-weight: 400;\">19:00 horas. Comienzo del Campeonato de Truco.<\/span><\/p>\n<p><span style=\"font-weight: 400;\">21:00 horas. Gala de m\u00fasica con las voces de \u00c1ngela Luque, Atenea y Christian Morales.\u00a0<\/span><\/p>\n<p><span style=\"font-weight: 400;\">0:00 horas. Verbena popular amenizada por Banda Nueva.<\/span><\/p>\n<p><b>Domingo 04 de diciembre<\/b><\/p>\n<p><span style=\"font-weight: 400;\">11:15 horas. Santa misa y procesi\u00f3n.<\/span><\/p>\n<p><span style=\"font-weight: 400;\">13:30 horas. Concierto del grupo musical Las Caracolas, en la plaza de la Iglesia de Santa B\u00e1rbara.<\/span><\/p>\n<p><span style=\"font-weight: 400;\">19:00 horas. Bingo sorpresa.<\/span><\/p>\n<p><b>Lunes 05 de diciembre<\/b><\/p>\n<p><span style=\"font-weight: 400;\">17:00 horas. Taller infantil \u201cEl chef de las chuches\u201d, inscripci\u00f3n previa en el 619 67 16 72, y para los adultos taller de corte y confecci\u00f3n con inscripci\u00f3n previa en el 609 43 55 95.<\/span><\/p>\n<p><span style=\"font-weight: 400;\">19:00 horas. Comienzo del Campeonato de Envite.<\/span><\/p>\n<p><span style=\"font-weight: 400;\">21:00 horas. Gala fin de fiestas con cantantes, humor y magia. Los artistas ser\u00e1n Marius John, \u00c1ngela Luque, Lanzarote Baila, Bryan Saltos, Bradley J. Ibrahim y muchos m\u00e1s.<\/span><\/p>\n","protected":false},"excerpt":{"rendered":"<p>El Ayuntamiento de Har\u00eda, a trav\u00e9s del \u00e1rea de Festejos, adelanta la programaci\u00f3n de las Fiestas de M\u00e1guez en Honor a Santa B\u00e1rbara, que se desarrollar\u00e1n del viernes 2 al 5 de diciembre. PROGRAMACI\u00d3N Viernes 02 de diciembre 10:00 horas. Engalamiento del pueblo. 20:00 horas. Preg\u00f3n a cargo de Don Francisco Figueroa Hern\u00e1ndez, \u2018Pancho El [&hellip;]<\/p>\n","protected":false},"author":13,"featured_media":23949,"comment_status":"closed","ping_status":"closed","sticky":false,"template":"","format":"standard","meta":{"footnotes":""},"categories":[15,11],"tags":[],"class_list":["post-23944","post","type-post","status-publish","format-standard","has-post-thumbnail","hentry","category-festejos","category-hoja-de-haria"],"_links":{"self":[{"href":"https:\/\/www.ayuntamientodeharia.com\/haria\/wp-json\/wp\/v2\/posts\/23944","targetHints":{"allow":["GET"]}}],"collection":[{"href":"https:\/\/www.ayuntamientodeharia.com\/haria\/wp-json\/wp\/v2\/posts"}],"about":[{"href":"https:\/\/www.ayuntamientodeharia.com\/haria\/wp-json\/wp\/v2\/types\/post"}],"author":[{"embeddable":true,"href":"https:\/\/www.ayuntamientodeharia.com\/haria\/wp-json\/wp\/v2\/users\/13"}],"replies":[{"embeddable":true,"href":"https:\/\/www.ayuntamientodeharia.com\/haria\/wp-json\/wp\/v2\/comments?post=23944"}],"version-history":[{"count":1,"href":"https:\/\/www.ayuntamientodeharia.com\/haria\/wp-json\/wp\/v2\/posts\/23944\/revisions"}],"predecessor-version":[{"id":23945,"href":"https:\/\/www.ayuntamientodeharia.com\/haria\/wp-json\/wp\/v2\/posts\/23944\/revisions\/23945"}],"wp:featuredmedia":[{"embeddable":true,"href":"https:\/\/www.ayuntamientodeharia.com\/haria\/wp-json\/wp\/v2\/media\/23949"}],"wp:attachment":[{"href":"https:\/\/www.ayuntamientodeharia.com\/haria\/wp-json\/wp\/v2\/media?parent=23944"}],"wp:term":[{"taxonomy":"category","embeddable":true,"href":"https:\/\/www.ayuntamientodeharia.com\/haria\/wp-json\/wp\/v2\/categories?post=23944"},{"taxonomy":"post_tag","embeddable":true,"href":"https:\/\/www.ayuntamientodeharia.com\/haria\/wp-json\/wp\/v2\/tags?post=23944"}],"curies":[{"name":"wp","href":"https:\/\/api.w.org\/{rel}","templated":true}]}}